{"id":143664,"date":"1993-01-01T00:00:00","date_gmt":"1993-01-01T00:00:00","guid":{"rendered":"https:\/\/www.deberes.net\/tesis\/sin-categoria\/el-lenguaje-visual-de-la-heraldica-heraldica-de-la-ciudad-de-ronda\/"},"modified":"1993-01-01T00:00:00","modified_gmt":"1993-01-01T00:00:00","slug":"el-lenguaje-visual-de-la-heraldica-heraldica-de-la-ciudad-de-ronda","status":"publish","type":"post","link":"https:\/\/www.deberes.net\/tesis\/historia\/el-lenguaje-visual-de-la-heraldica-heraldica-de-la-ciudad-de-ronda\/","title":{"rendered":"El lenguaje visual de la heraldica. heraldica de la ciudad de ronda."},"content":{"rendered":"<h2>Tesis doctoral de <strong> Sebastian Garcia Garrido <\/strong><\/h2>\n<p>Este trabajo de investigacion trata de analizar el uso heraldico desde el punto de vista del lenguaje visual, es decir, eminentemente desde el aspecto grafico y como obra plastica. Para ello se ha elegido un corpus concreto y real como la ciudad de ronda para evitar el mero estudio teorico y afrontar efectos y problemas de realizacion practica.  se ha dedicado atencion tambien a la evolucion y formalizacion adecuada que debe seguir la representacion heraldica en la actualidad. La conexion entre heraldica y dise\u00f1o grafico en cuanto a la adaptacion y creacion de emblemas y distintivos institucionales se han tratado de manera practica.<\/p>\n<p>&nbsp;<\/p>\n<h3>Datos acad\u00e9micos de la tesis doctoral \u00ab<strong>El lenguaje visual de la heraldica. heraldica de la ciudad de ronda.<\/strong>\u00ab<\/h3>\n<ul>\n<li><strong>T\u00edtulo de la tesis:<\/strong>\u00a0 El lenguaje visual de la heraldica. heraldica de la ciudad de ronda. <\/li>\n<li><strong>Autor:<\/strong>\u00a0 Sebastian Garcia Garrido <\/li>\n<li><strong>Universidad:<\/strong>\u00a0 Salamanca<\/li>\n<li><strong>Fecha de lectura de la tesis:<\/strong>\u00a0 01\/01\/1993<\/li>\n<\/ul>\n<p>&nbsp;<\/p>\n<h3>Direcci\u00f3n y tribunal<\/h3>\n<ul>\n<li><strong>Director de la tesis<\/strong>\n<ul>\n<li>Julian Alvarez Villar<\/li>\n<\/ul>\n<\/li>\n<li><strong>Tribunal<\/strong>\n<ul>\n<li>Presidente del tribunal:  Menendez Pidal De Navascues Faustino <\/li>\n<li>Jos\u00e9 Mar\u00eda Mart\u00ednez Fr\u00edas (vocal)<\/li>\n<li>Eduardo Jos\u00e9 Pardo De Guevara Valdes (vocal)<\/li>\n<li>Eusebio S\u00e1nchez Blanco (vocal)<\/li>\n<\/ul>\n<\/li>\n<\/ul>\n<p>&nbsp;<\/p>\n","protected":false},"excerpt":{"rendered":"<p>Tesis doctoral de Sebastian Garcia Garrido Este trabajo de investigacion trata de analizar el uso heraldico desde el punto de [&hellip;]<\/p>\n","protected":false},"author":1,"featured_media":0,"comment_status":"open","ping_status":"open","sticky":false,"template":"","format":"standard","meta":{"site-sidebar-layout":"default","site-content-layout":"","ast-site-content-layout":"","site-content-style":"default","site-sidebar-style":"default","ast-global-header-display":"","ast-banner-title-visibility":"","ast-main-header-display":"","ast-hfb-above-header-display":"","ast-hfb-below-header-display":"","ast-hfb-mobile-header-display":"","site-post-title":"","ast-breadcrumbs-content":"","ast-featured-img":"","footer-sml-layout":"","theme-transparent-header-meta":"","adv-header-id-meta":"","stick-header-meta":"","header-above-stick-meta":"","header-main-stick-meta":"","header-below-stick-meta":"","astra-migrate-meta-layouts":"default","ast-page-background-enabled":"default","ast-page-background-meta":{"desktop":{"background-color":"var(--ast-global-color-4)","background-image":"","background-repeat":"repeat","background-position":"center center","background-size":"auto","background-attachment":"scroll","background-type":"","background-media":"","overlay-type":"","overlay-color":"","overlay-gradient":""},"tablet":{"background-color":"","background-image":"","background-repeat":"repeat","background-position":"center center","background-size":"auto","background-attachment":"scroll","background-type":"","background-media":"","overlay-type":"","overlay-color":"","overlay-gradient":""},"mobile":{"background-color":"","background-image":"","background-repeat":"repeat","background-position":"center center","background-size":"auto","background-attachment":"scroll","background-type":"","background-media":"","overlay-type":"","overlay-color":"","overlay-gradient":""}},"ast-content-background-meta":{"desktop":{"background-color":"var(--ast-global-color-5)","background-image":"","background-repeat":"repeat","background-position":"center center","background-size":"auto","background-attachment":"scroll","background-type":"","background-media":"","overlay-type":"","overlay-color":"","overlay-gradient":""},"tablet":{"background-color":"var(--ast-global-color-5)","background-image":"","background-repeat":"repeat","background-position":"center center","background-size":"auto","background-attachment":"scroll","background-type":"","background-media":"","overlay-type":"","overlay-color":"","overlay-gradient":""},"mobile":{"background-color":"var(--ast-global-color-5)","background-image":"","background-repeat":"repeat","background-position":"center center","background-size":"auto","background-attachment":"scroll","background-type":"","background-media":"","overlay-type":"","overlay-color":"","overlay-gradient":""}},"footnotes":""},"categories":[1624,19889,104,9386],"tags":[21159,85268,25766,12863,48324,41824],"class_list":["post-143664","post","type-post","status-publish","format-standard","hentry","category-ciencias-auxiliares-de-la-historia","category-heraldica","category-historia","category-salamanca","tag-eduardo-jose-pardo-de-guevara-valdes","tag-eusebio-sanchez-blanco","tag-jose-maria-Martinez-frias","tag-julian-alvarez-villar","tag-menendez-pidal-de-navascues-faustino","tag-sebastian-garcia-garrido"],"_links":{"self":[{"href":"https:\/\/www.deberes.net\/tesis\/wp-json\/wp\/v2\/posts\/143664","targetHints":{"allow":["GET"]}}],"collection":[{"href":"https:\/\/www.deberes.net\/tesis\/wp-json\/wp\/v2\/posts"}],"about":[{"href":"https:\/\/www.deberes.net\/tesis\/wp-json\/wp\/v2\/types\/post"}],"author":[{"embeddable":true,"href":"https:\/\/www.deberes.net\/tesis\/wp-json\/wp\/v2\/users\/1"}],"replies":[{"embeddable":true,"href":"https:\/\/www.deberes.net\/tesis\/wp-json\/wp\/v2\/comments?post=143664"}],"version-history":[{"count":0,"href":"https:\/\/www.deberes.net\/tesis\/wp-json\/wp\/v2\/posts\/143664\/revisions"}],"wp:attachment":[{"href":"https:\/\/www.deberes.net\/tesis\/wp-json\/wp\/v2\/media?parent=143664"}],"wp:term":[{"taxonomy":"category","embeddable":true,"href":"https:\/\/www.deberes.net\/tesis\/wp-json\/wp\/v2\/categories?post=143664"},{"taxonomy":"post_tag","embeddable":true,"href":"https:\/\/www.deberes.net\/tesis\/wp-json\/wp\/v2\/tags?post=143664"}],"curies":[{"name":"wp","href":"https:\/\/api.w.org\/{rel}","templated":true}]}}