{"id":14367,"date":"2001-11-12T00:00:00","date_gmt":"2001-11-12T00:00:00","guid":{"rendered":"https:\/\/www.deberes.net\/tesis\/sin-categoria\/el-derecho-constitucional-de-la-integracion-en-la-constitucion-argentina-de-1994\/"},"modified":"2001-11-12T00:00:00","modified_gmt":"2001-11-12T00:00:00","slug":"el-derecho-constitucional-de-la-integracion-en-la-constitucion-argentina-de-1994","status":"publish","type":"post","link":"https:\/\/www.deberes.net\/tesis\/ciencias-juridicas-y-derecho\/el-derecho-constitucional-de-la-integracion-en-la-constitucion-argentina-de-1994\/","title":{"rendered":"El derecho constitucional de la integraci\u00f3n en la constituci\u00f3n argentina de 1994"},"content":{"rendered":"<h2>Tesis doctoral de <strong>  Dromi San Martino Laura Gabriela <\/strong><\/h2>\n<p>La tesis postula la reivindicaci\u00f3n cient\u00edfica para el derecho constitucional en el tratamiento del ordenamiento jur\u00eddico constitutivo y fundamental del fen\u00f3meno pol\u00edtico-econ\u00f3mico de la integraci\u00f3n. Todo ello, en tanto: se consagran democr\u00e1ticamente nuevas instancias de poder, se crean nuevas estructuras institucionales y organziaciones supraestatales; se reconocen nuevos derechos fundamentales para una axiolog\u00eda com\u00fan, se ejercita un poder constituyente material generador de una nueva constituci\u00f3n material de causa eficiente convencional en virtud de los tratados de integraci\u00f3n, y se preserva la soberan\u00eda integrada y arm\u00f3nica, tanto en lo nacional como en lo comunitario, y tanto en la soberan\u00eda pol\u00edtica como en la soberan\u00eda jur\u00eddica. Consecuentemente, el modelo de la integraci\u00f3n comunitaria exh\u00edbe una reformulaci\u00f3n constitucional de la pir\u00e1mide jur\u00eddica suprema y de las fuentes de producci\u00f3n normativa.<\/p>\n<p>&nbsp;<\/p>\n<h3>Datos acad\u00e9micos de la tesis doctoral \u00ab<strong>El derecho constitucional de la integraci\u00f3n en la constituci\u00f3n argentina de 1994<\/strong>\u00ab<\/h3>\n<ul>\n<li><strong>T\u00edtulo de la tesis:<\/strong>\u00a0 El derecho constitucional de la integraci\u00f3n en la constituci\u00f3n argentina de 1994 <\/li>\n<li><strong>Autor:<\/strong>\u00a0  Dromi San Martino Laura Gabriela <\/li>\n<li><strong>Universidad:<\/strong>\u00a0 Complutense de Madrid<\/li>\n<li><strong>Fecha de lectura de la tesis:<\/strong>\u00a0 11\/12\/2001<\/li>\n<\/ul>\n<p>&nbsp;<\/p>\n<h3>Direcci\u00f3n y tribunal<\/h3>\n<ul>\n<li><strong>Director de la tesis<\/strong>\n<ul>\n<li>Ra\u00fal Leopoldo Canosa Usera<\/li>\n<\/ul>\n<\/li>\n<li><strong>Tribunal<\/strong>\n<ul>\n<li>Presidente del tribunal: jose Iturmendi morales <\/li>\n<li>Javier Ruiperez alanillo (vocal)<\/li>\n<li>pedro De vega garcia (vocal)<\/li>\n<li>eloy Garc\u00eda l\u00f3pez (vocal)<\/li>\n<\/ul>\n<\/li>\n<\/ul>\n<p>&nbsp;<\/p>\n","protected":false},"excerpt":{"rendered":"<p>Tesis doctoral de Dromi San Martino Laura Gabriela La tesis postula la reivindicaci\u00f3n cient\u00edfica para el derecho constitucional en el [&hellip;]<\/p>\n","protected":false},"author":1,"featured_media":0,"comment_status":"open","ping_status":"open","sticky":false,"template":"","format":"standard","meta":{"site-sidebar-layout":"default","site-content-layout":"","ast-site-content-layout":"","site-content-style":"default","site-sidebar-style":"default","ast-global-header-display":"","ast-banner-title-visibility":"","ast-main-header-display":"","ast-hfb-above-header-display":"","ast-hfb-below-header-display":"","ast-hfb-mobile-header-display":"","site-post-title":"","ast-breadcrumbs-content":"","ast-featured-img":"","footer-sml-layout":"","theme-transparent-header-meta":"","adv-header-id-meta":"","stick-header-meta":"","header-above-stick-meta":"","header-main-stick-meta":"","header-below-stick-meta":"","astra-migrate-meta-layouts":"default","ast-page-background-enabled":"default","ast-page-background-meta":{"desktop":{"background-color":"var(--ast-global-color-4)","background-image":"","background-repeat":"repeat","background-position":"center center","background-size":"auto","background-attachment":"scroll","background-type":"","background-media":"","overlay-type":"","overlay-color":"","overlay-gradient":""},"tablet":{"background-color":"","background-image":"","background-repeat":"repeat","background-position":"center center","background-size":"auto","background-attachment":"scroll","background-type":"","background-media":"","overlay-type":"","overlay-color":"","overlay-gradient":""},"mobile":{"background-color":"","background-image":"","background-repeat":"repeat","background-position":"center center","background-size":"auto","background-attachment":"scroll","background-type":"","background-media":"","overlay-type":"","overlay-color":"","overlay-gradient":""}},"ast-content-background-meta":{"desktop":{"background-color":"var(--ast-global-color-5)","background-image":"","background-repeat":"repeat","background-position":"center center","background-size":"auto","background-attachment":"scroll","background-type":"","background-media":"","overlay-type":"","overlay-color":"","overlay-gradient":""},"tablet":{"background-color":"var(--ast-global-color-5)","background-image":"","background-repeat":"repeat","background-position":"center center","background-size":"auto","background-attachment":"scroll","background-type":"","background-media":"","overlay-type":"","overlay-color":"","overlay-gradient":""},"mobile":{"background-color":"var(--ast-global-color-5)","background-image":"","background-repeat":"repeat","background-position":"center center","background-size":"auto","background-attachment":"scroll","background-type":"","background-media":"","overlay-type":"","overlay-color":"","overlay-gradient":""}},"footnotes":""},"categories":[612,1450,979],"tags":[46276,22881,46278,4854,9449,46277],"class_list":["post-14367","post","type-post","status-publish","format-standard","hentry","category-ciencias-juridicas-y-derecho","category-derecho-constitucional","category-derecho-y-legislacion-nacionales","tag-dromi-san-martino-laura-gabriela","tag-eloy-garcia-lopez","tag-javier-ruiperez-alanillo","tag-jose-iturmendi-morales","tag-pedro-de-vega-garcia","tag-raul-leopoldo-canosa-usera"],"_links":{"self":[{"href":"https:\/\/www.deberes.net\/tesis\/wp-json\/wp\/v2\/posts\/14367","targetHints":{"allow":["GET"]}}],"collection":[{"href":"https:\/\/www.deberes.net\/tesis\/wp-json\/wp\/v2\/posts"}],"about":[{"href":"https:\/\/www.deberes.net\/tesis\/wp-json\/wp\/v2\/types\/post"}],"author":[{"embeddable":true,"href":"https:\/\/www.deberes.net\/tesis\/wp-json\/wp\/v2\/users\/1"}],"replies":[{"embeddable":true,"href":"https:\/\/www.deberes.net\/tesis\/wp-json\/wp\/v2\/comments?post=14367"}],"version-history":[{"count":0,"href":"https:\/\/www.deberes.net\/tesis\/wp-json\/wp\/v2\/posts\/14367\/revisions"}],"wp:attachment":[{"href":"https:\/\/www.deberes.net\/tesis\/wp-json\/wp\/v2\/media?parent=14367"}],"wp:term":[{"taxonomy":"category","embeddable":true,"href":"https:\/\/www.deberes.net\/tesis\/wp-json\/wp\/v2\/categories?post=14367"},{"taxonomy":"post_tag","embeddable":true,"href":"https:\/\/www.deberes.net\/tesis\/wp-json\/wp\/v2\/tags?post=14367"}],"curies":[{"name":"wp","href":"https:\/\/api.w.org\/{rel}","templated":true}]}}