{"id":143693,"date":"1993-01-01T00:00:00","date_gmt":"1993-01-01T00:00:00","guid":{"rendered":"https:\/\/www.deberes.net\/tesis\/sin-categoria\/influencia-de-la-flora-anaerobia-en-la-amigdalitis-recurrente\/"},"modified":"1993-01-01T00:00:00","modified_gmt":"1993-01-01T00:00:00","slug":"influencia-de-la-flora-anaerobia-en-la-amigdalitis-recurrente","status":"publish","type":"post","link":"https:\/\/www.deberes.net\/tesis\/ciencias-medicas\/influencia-de-la-flora-anaerobia-en-la-amigdalitis-recurrente\/","title":{"rendered":"Influencia de la flora anaerobia en la amigdalitis recurrente"},"content":{"rendered":"<h2>Tesis doctoral de <strong>  Miguel Martinez M. Isabel De <\/strong><\/h2>\n<p>La flora amigdalar esta constituida por un amplio grupo de bacterias aerobias y anaerobias, entre las que la presencia de cepas productoras de b-lactamasas es un hecho habitual. Solo el 25% de las amigdalitis recurrentes estan producidas por streptococcus pyogenes.  la mayor variedad de especies bacterianas en los pacientes con amigdalitis recurrente pertenecen a bacterias anaerobias, en su mayoria a los generos prevotella, bacteroides y fusobacterium. Se realizo, durante los a\u00f1os 1990-91, un estudio en 82 ni\u00f1os, con una edad media de 7 a\u00f1os. 60 de ellos presentaban amigdalitis recurrente, mientras que 20 constituian un grupo control de ni\u00f1os sanos. Se observo mayor presencia de cepas productoras de b-lactamasas en el grupo de ni\u00f1os con amigdalitis recurrente. La especie que mas se aislo en este grupo, dentro de las bacterias anaerobias, fue prevotella intermedia. El tratamiento con penicilina + metronidazol fue netamente mas eficaz que el tratamiento con penicilina como monoterapia. La importancia de las bacterias anaerobias en la etiolog\u00eda de las amigdalitis recurrentes debe ser tenida en cuenta a la hora de la instauracion de regimenes terapeuticos.<\/p>\n<p>&nbsp;<\/p>\n<h3>Datos acad\u00e9micos de la tesis doctoral \u00ab<strong>Influencia de la flora anaerobia en la amigdalitis recurrente<\/strong>\u00ab<\/h3>\n<ul>\n<li><strong>T\u00edtulo de la tesis:<\/strong>\u00a0 Influencia de la flora anaerobia en la amigdalitis recurrente <\/li>\n<li><strong>Autor:<\/strong>\u00a0  Miguel Martinez M. Isabel De <\/li>\n<li><strong>Universidad:<\/strong>\u00a0 Salamanca<\/li>\n<li><strong>Fecha de lectura de la tesis:<\/strong>\u00a0 01\/01\/1993<\/li>\n<\/ul>\n<p>&nbsp;<\/p>\n<h3>Direcci\u00f3n y tribunal<\/h3>\n<ul>\n<li><strong>Director de la tesis<\/strong>\n<ul>\n<li> Garcia Rodriguez Jos\u00e9 A.<\/li>\n<\/ul>\n<\/li>\n<li><strong>Tribunal<\/strong>\n<ul>\n<li>Presidente del tribunal: Mar\u00eda  Del Carmen S\u00e1enz Gonz\u00e1lez <\/li>\n<li> Del Ca\u00f1izo Suarez Agustin (vocal)<\/li>\n<li>Jos\u00e9 Prieto Prieto (vocal)<\/li>\n<li> Martin Sanchez Antonio  Manuel (vocal)<\/li>\n<\/ul>\n<\/li>\n<\/ul>\n<p>&nbsp;<\/p>\n","protected":false},"excerpt":{"rendered":"<p>Tesis doctoral de Miguel Martinez M. Isabel De La flora amigdalar esta constituida por un amplio grupo de bacterias aerobias [&hellip;]<\/p>\n","protected":false},"author":1,"featured_media":0,"comment_status":"open","ping_status":"open","sticky":false,"template":"","format":"standard","meta":{"site-sidebar-layout":"default","site-content-layout":"","ast-site-content-layout":"","site-content-style":"default","site-sidebar-style":"default","ast-global-header-display":"","ast-banner-title-visibility":"","ast-main-header-display":"","ast-hfb-above-header-display":"","ast-hfb-below-header-display":"","ast-hfb-mobile-header-display":"","site-post-title":"","ast-breadcrumbs-content":"","ast-featured-img":"","footer-sml-layout":"","theme-transparent-header-meta":"","adv-header-id-meta":"","stick-header-meta":"","header-above-stick-meta":"","header-main-stick-meta":"","header-below-stick-meta":"","astra-migrate-meta-layouts":"default","ast-page-background-enabled":"default","ast-page-background-meta":{"desktop":{"background-color":"var(--ast-global-color-4)","background-image":"","background-repeat":"repeat","background-position":"center center","background-size":"auto","background-attachment":"scroll","background-type":"","background-media":"","overlay-type":"","overlay-color":"","overlay-gradient":""},"tablet":{"background-color":"","background-image":"","background-repeat":"repeat","background-position":"center center","background-size":"auto","background-attachment":"scroll","background-type":"","background-media":"","overlay-type":"","overlay-color":"","overlay-gradient":""},"mobile":{"background-color":"","background-image":"","background-repeat":"repeat","background-position":"center center","background-size":"auto","background-attachment":"scroll","background-type":"","background-media":"","overlay-type":"","overlay-color":"","overlay-gradient":""}},"ast-content-background-meta":{"desktop":{"background-color":"var(--ast-global-color-5)","background-image":"","background-repeat":"repeat","background-position":"center center","background-size":"auto","background-attachment":"scroll","background-type":"","background-media":"","overlay-type":"","overlay-color":"","overlay-gradient":""},"tablet":{"background-color":"var(--ast-global-color-5)","background-image":"","background-repeat":"repeat","background-position":"center center","background-size":"auto","background-attachment":"scroll","background-type":"","background-media":"","overlay-type":"","overlay-color":"","overlay-gradient":""},"mobile":{"background-color":"var(--ast-global-color-5)","background-image":"","background-repeat":"repeat","background-position":"center center","background-size":"auto","background-attachment":"scroll","background-type":"","background-media":"","overlay-type":"","overlay-color":"","overlay-gradient":""}},"footnotes":""},"categories":[9,1085,139,9386],"tags":[258424,603,3474,8318,26098,258423],"class_list":["post-143693","post","type-post","status-publish","format-standard","hentry","category-ciencias-medicas","category-enfermedades-infecciosas","category-medicina-interna","category-salamanca","tag-del-canizo-suarez-agustin","tag-garcia-rodriguez-jose-a","tag-jose-prieto-prieto","tag-maria-del-carmen-saenz-gonzalez","tag-martin-sanchez-antonio-manuel","tag-miguel-Martinez-m-isabel-de"],"_links":{"self":[{"href":"https:\/\/www.deberes.net\/tesis\/wp-json\/wp\/v2\/posts\/143693","targetHints":{"allow":["GET"]}}],"collection":[{"href":"https:\/\/www.deberes.net\/tesis\/wp-json\/wp\/v2\/posts"}],"about":[{"href":"https:\/\/www.deberes.net\/tesis\/wp-json\/wp\/v2\/types\/post"}],"author":[{"embeddable":true,"href":"https:\/\/www.deberes.net\/tesis\/wp-json\/wp\/v2\/users\/1"}],"replies":[{"embeddable":true,"href":"https:\/\/www.deberes.net\/tesis\/wp-json\/wp\/v2\/comments?post=143693"}],"version-history":[{"count":0,"href":"https:\/\/www.deberes.net\/tesis\/wp-json\/wp\/v2\/posts\/143693\/revisions"}],"wp:attachment":[{"href":"https:\/\/www.deberes.net\/tesis\/wp-json\/wp\/v2\/media?parent=143693"}],"wp:term":[{"taxonomy":"category","embeddable":true,"href":"https:\/\/www.deberes.net\/tesis\/wp-json\/wp\/v2\/categories?post=143693"},{"taxonomy":"post_tag","embeddable":true,"href":"https:\/\/www.deberes.net\/tesis\/wp-json\/wp\/v2\/tags?post=143693"}],"curies":[{"name":"wp","href":"https:\/\/api.w.org\/{rel}","templated":true}]}}