{"id":143721,"date":"1993-01-01T00:00:00","date_gmt":"1993-01-01T00:00:00","guid":{"rendered":"https:\/\/www.deberes.net\/tesis\/sin-categoria\/los-ninos-con-enfermedades-cronicas-en-el-contexto-escolar\/"},"modified":"1993-01-01T00:00:00","modified_gmt":"1993-01-01T00:00:00","slug":"los-ninos-con-enfermedades-cronicas-en-el-contexto-escolar","status":"publish","type":"post","link":"https:\/\/www.deberes.net\/tesis\/pedagogia\/los-ninos-con-enfermedades-cronicas-en-el-contexto-escolar\/","title":{"rendered":"Los ni\u00f1os con enfermedades cronicas en el contexto escolar"},"content":{"rendered":"<h2>Tesis doctoral de <strong> Teresa Susinos Rada <\/strong><\/h2>\n<p>El estudio compara un grupo de ni\u00f1os con enfermedad cronica (enfermedad oncologica enfermedad renal, asma, cardiopatias y otros) con un grupo de compa\u00f1eros de clase de igual sexo, edad y ci por lo que respecta a las variables de rendimiento academico. Aceptacion social, autoconcepto y capacidad fisico-deportiva. Para ello se sirve de datos obtenidos a partir de pruebas estandarizadas, cuestionarios (a padres y profesores) y entrevistas que se aplicaron a padres, profesores, compa\u00f1eros de clase y a los propios ni\u00f1os. Ademas, se realiza un analisis cualitativo sobre el conocimiento que los ni\u00f1os y sus compa\u00f1eros de clases manifiestan tener de la enfermedad. Se encuentra que dicho conocimiento, muy mediatizado por la informacion recibida, se circunscribe a las etapas descritas en la literatura especializada.  se concluye que existen diferencias significativas entre ambos grupos en cuanto al absentismo escolar, al numero de cursos que repiten, al autoconcepto y a la capacidad fisico-deportiva y a otros aspectos se\u00f1alados en el trabajo, lo cual nos lleva a proponer varias intervenciones psicoeducativas dirigidas tanto al ambito escolar como al hospitalario.<\/p>\n<p>&nbsp;<\/p>\n<h3>Datos acad\u00e9micos de la tesis doctoral \u00ab<strong>Los ni\u00f1os con enfermedades cronicas en el contexto escolar<\/strong>\u00ab<\/h3>\n<ul>\n<li><strong>T\u00edtulo de la tesis:<\/strong>\u00a0 Los ni\u00f1os con enfermedades cronicas en el contexto escolar <\/li>\n<li><strong>Autor:<\/strong>\u00a0 Teresa Susinos Rada <\/li>\n<li><strong>Universidad:<\/strong>\u00a0 Salamanca<\/li>\n<li><strong>Fecha de lectura de la tesis:<\/strong>\u00a0 01\/01\/1993<\/li>\n<\/ul>\n<p>&nbsp;<\/p>\n<h3>Direcci\u00f3n y tribunal<\/h3>\n<ul>\n<li><strong>Director de la tesis<\/strong>\n<ul>\n<li>Francisco Javier Tejedor Tejedor<\/li>\n<\/ul>\n<\/li>\n<li><strong>Tribunal<\/strong>\n<ul>\n<li>Presidente del tribunal: Jos\u00e9 Luis Rodriguez Dieguez <\/li>\n<li>Enrique Garcia Fernandez Abascal (vocal)<\/li>\n<li>Jos\u00e9 Luis Vega Vega (vocal)<\/li>\n<li>Laurentino Salvador Blanco (vocal)<\/li>\n<\/ul>\n<\/li>\n<\/ul>\n<p>&nbsp;<\/p>\n","protected":false},"excerpt":{"rendered":"<p>Tesis doctoral de Teresa Susinos Rada El estudio compara un grupo de ni\u00f1os con enfermedad cronica (enfermedad oncologica enfermedad renal, [&hellip;]<\/p>\n","protected":false},"author":1,"featured_media":0,"comment_status":"open","ping_status":"open","sticky":false,"template":"","format":"standard","meta":{"site-sidebar-layout":"default","site-content-layout":"","ast-site-content-layout":"","site-content-style":"default","site-sidebar-style":"default","ast-global-header-display":"","ast-banner-title-visibility":"","ast-main-header-display":"","ast-hfb-above-header-display":"","ast-hfb-below-header-display":"","ast-hfb-mobile-header-display":"","site-post-title":"","ast-breadcrumbs-content":"","ast-featured-img":"","footer-sml-layout":"","theme-transparent-header-meta":"","adv-header-id-meta":"","stick-header-meta":"","header-above-stick-meta":"","header-main-stick-meta":"","header-below-stick-meta":"","astra-migrate-meta-layouts":"default","ast-page-background-enabled":"default","ast-page-background-meta":{"desktop":{"background-color":"var(--ast-global-color-4)","background-image":"","background-repeat":"repeat","background-position":"center center","background-size":"auto","background-attachment":"scroll","background-type":"","background-media":"","overlay-type":"","overlay-color":"","overlay-gradient":""},"tablet":{"background-color":"","background-image":"","background-repeat":"repeat","background-position":"center center","background-size":"auto","background-attachment":"scroll","background-type":"","background-media":"","overlay-type":"","overlay-color":"","overlay-gradient":""},"mobile":{"background-color":"","background-image":"","background-repeat":"repeat","background-position":"center center","background-size":"auto","background-attachment":"scroll","background-type":"","background-media":"","overlay-type":"","overlay-color":"","overlay-gradient":""}},"ast-content-background-meta":{"desktop":{"background-color":"var(--ast-global-color-5)","background-image":"","background-repeat":"repeat","background-position":"center center","background-size":"auto","background-attachment":"scroll","background-type":"","background-media":"","overlay-type":"","overlay-color":"","overlay-gradient":""},"tablet":{"background-color":"var(--ast-global-color-5)","background-image":"","background-repeat":"repeat","background-position":"center center","background-size":"auto","background-attachment":"scroll","background-type":"","background-media":"","overlay-type":"","overlay-color":"","overlay-gradient":""},"mobile":{"background-color":"var(--ast-global-color-5)","background-image":"","background-repeat":"repeat","background-position":"center center","background-size":"auto","background-attachment":"scroll","background-type":"","background-media":"","overlay-type":"","overlay-color":"","overlay-gradient":""}},"footnotes":""},"categories":[2233,1141,9386,1341],"tags":[5267,9828,9576,3580,9578,52193],"class_list":["post-143721","post","type-post","status-publish","format-standard","hentry","category-metodos-pedagogicos","category-pedagogia","category-salamanca","category-teoria-y-metodos-educativos","tag-enrique-garcia-fernandez-abascal","tag-francisco-javier-tejedor-tejedor","tag-jose-luis-rodriguez-dieguez","tag-jose-luis-vega-vega","tag-laurentino-salvador-blanco","tag-teresa-susinos-rada"],"_links":{"self":[{"href":"https:\/\/www.deberes.net\/tesis\/wp-json\/wp\/v2\/posts\/143721","targetHints":{"allow":["GET"]}}],"collection":[{"href":"https:\/\/www.deberes.net\/tesis\/wp-json\/wp\/v2\/posts"}],"about":[{"href":"https:\/\/www.deberes.net\/tesis\/wp-json\/wp\/v2\/types\/post"}],"author":[{"embeddable":true,"href":"https:\/\/www.deberes.net\/tesis\/wp-json\/wp\/v2\/users\/1"}],"replies":[{"embeddable":true,"href":"https:\/\/www.deberes.net\/tesis\/wp-json\/wp\/v2\/comments?post=143721"}],"version-history":[{"count":0,"href":"https:\/\/www.deberes.net\/tesis\/wp-json\/wp\/v2\/posts\/143721\/revisions"}],"wp:attachment":[{"href":"https:\/\/www.deberes.net\/tesis\/wp-json\/wp\/v2\/media?parent=143721"}],"wp:term":[{"taxonomy":"category","embeddable":true,"href":"https:\/\/www.deberes.net\/tesis\/wp-json\/wp\/v2\/categories?post=143721"},{"taxonomy":"post_tag","embeddable":true,"href":"https:\/\/www.deberes.net\/tesis\/wp-json\/wp\/v2\/tags?post=143721"}],"curies":[{"name":"wp","href":"https:\/\/api.w.org\/{rel}","templated":true}]}}