{"id":143772,"date":"1993-01-01T00:00:00","date_gmt":"1993-01-01T00:00:00","guid":{"rendered":"https:\/\/www.deberes.net\/tesis\/sin-categoria\/los-mensajes-informativos-de-rne-en-canarias-radio-regional-radio-local-1982-1992\/"},"modified":"1993-01-01T00:00:00","modified_gmt":"1993-01-01T00:00:00","slug":"los-mensajes-informativos-de-rne-en-canarias-radio-regional-radio-local-1982-1992","status":"publish","type":"post","link":"https:\/\/www.deberes.net\/tesis\/sociologia\/los-mensajes-informativos-de-rne-en-canarias-radio-regional-radio-local-1982-1992\/","title":{"rendered":"Los mensajes informativos de rne en canarias. radio regional\/radio local (1982-1992)"},"content":{"rendered":"<h2>Tesis doctoral de <strong>  Gonzalez Manrique Juan  Jes\u00fas <\/strong><\/h2>\n<p>Inicio y desarrollo de la radio en canarias.  especialmente se estudia a rne en canarias. Analisis de los mensajes en los informativos de radio. Lenguaje empleado normas de estilo, etc. Ejemplo de noticias radiadas en el periodo de tiempo se\u00f1alado en el titulo de la tesis. Implicacion e incidencia de estos mensajes en el interes regional canario. Se muestra a rne en canarias como la principal emisora de dichos mensajes regionales.  se estudia tambien la influencia y participacion de rne en canarias en el extranjero. Se adjuntan datos de las audiencias de las radios en canarias en el periodo de tiempo establecido. Se ofrecen tambien los resultados de una encuesta dirigida por el autor de la tesis en todas las islas del archipielago canario sobre los espacios radiofonicos y emisoras mas escuchas en canarias, asi como un perfil socio-economico y cultural de dichas audiencias. Queda recopilada toda la bibliografia existente hasta la fecha sobre la radio en el archipielago canario.<\/p>\n<p>&nbsp;<\/p>\n<h3>Datos acad\u00e9micos de la tesis doctoral \u00ab<strong>Los mensajes informativos de rne en canarias. radio regional\/radio local (1982-1992)<\/strong>\u00ab<\/h3>\n<ul>\n<li><strong>T\u00edtulo de la tesis:<\/strong>\u00a0 Los mensajes informativos de rne en canarias. radio regional\/radio local (1982-1992) <\/li>\n<li><strong>Autor:<\/strong>\u00a0  Gonzalez Manrique Juan  Jes\u00fas <\/li>\n<li><strong>Universidad:<\/strong>\u00a0 La laguna<\/li>\n<li><strong>Fecha de lectura de la tesis:<\/strong>\u00a0 01\/01\/1993<\/li>\n<\/ul>\n<p>&nbsp;<\/p>\n<h3>Direcci\u00f3n y tribunal<\/h3>\n<ul>\n<li><strong>Director de la tesis<\/strong>\n<ul>\n<li>Ricardo Aciron Royo<\/li>\n<\/ul>\n<\/li>\n<li><strong>Tribunal<\/strong>\n<ul>\n<li>Presidente del tribunal: Manuel Fernandez Areal <\/li>\n<li>Jos\u00e9 Francisco S\u00e1nchez S\u00e1nchez (vocal)<\/li>\n<li> De La Nuez Caballero Sebastian (vocal)<\/li>\n<li>Teresa Velazquez Garcia-talavera (vocal)<\/li>\n<\/ul>\n<\/li>\n<\/ul>\n<p>&nbsp;<\/p>\n","protected":false},"excerpt":{"rendered":"<p>Tesis doctoral de Gonzalez Manrique Juan Jes\u00fas Inicio y desarrollo de la radio en canarias. especialmente se estudia a rne [&hellip;]<\/p>\n","protected":false},"author":1,"featured_media":0,"comment_status":"open","ping_status":"open","sticky":false,"template":"","format":"standard","meta":{"site-sidebar-layout":"default","site-content-layout":"","ast-site-content-layout":"","site-content-style":"default","site-sidebar-style":"default","ast-global-header-display":"","ast-banner-title-visibility":"","ast-main-header-display":"","ast-hfb-above-header-display":"","ast-hfb-below-header-display":"","ast-hfb-mobile-header-display":"","site-post-title":"","ast-breadcrumbs-content":"","ast-featured-img":"","footer-sml-layout":"","theme-transparent-header-meta":"","adv-header-id-meta":"","stick-header-meta":"","header-above-stick-meta":"","header-main-stick-meta":"","header-below-stick-meta":"","astra-migrate-meta-layouts":"default","ast-page-background-enabled":"default","ast-page-background-meta":{"desktop":{"background-color":"var(--ast-global-color-4)","background-image":"","background-repeat":"repeat","background-position":"center center","background-size":"auto","background-attachment":"scroll","background-type":"","background-media":"","overlay-type":"","overlay-color":"","overlay-gradient":""},"tablet":{"background-color":"","background-image":"","background-repeat":"repeat","background-position":"center center","background-size":"auto","background-attachment":"scroll","background-type":"","background-media":"","overlay-type":"","overlay-color":"","overlay-gradient":""},"mobile":{"background-color":"","background-image":"","background-repeat":"repeat","background-position":"center center","background-size":"auto","background-attachment":"scroll","background-type":"","background-media":"","overlay-type":"","overlay-color":"","overlay-gradient":""}},"ast-content-background-meta":{"desktop":{"background-color":"var(--ast-global-color-5)","background-image":"","background-repeat":"repeat","background-position":"center center","background-size":"auto","background-attachment":"scroll","background-type":"","background-media":"","overlay-type":"","overlay-color":"","overlay-gradient":""},"tablet":{"background-color":"var(--ast-global-color-5)","background-image":"","background-repeat":"repeat","background-position":"center center","background-size":"auto","background-attachment":"scroll","background-type":"","background-media":"","overlay-type":"","overlay-color":"","overlay-gradient":""},"mobile":{"background-color":"var(--ast-global-color-5)","background-image":"","background-repeat":"repeat","background-position":"center center","background-size":"auto","background-attachment":"scroll","background-type":"","background-media":"","overlay-type":"","overlay-color":"","overlay-gradient":""}},"footnotes":""},"categories":[4735,9915,269],"tags":[98986,258508,17900,26106,5413,11063],"class_list":["post-143772","post","type-post","status-publish","format-standard","hentry","category-comunicaciones-sociales","category-la-laguna","category-sociologia","tag-de-la-nuez-caballero-sebastian","tag-gonzalez-manrique-juan-jesus","tag-jose-francisco-sanchez-sanchez","tag-manuel-fernandez-areal","tag-ricardo-aciron-royo","tag-teresa-velazquez-garcia-talavera"],"_links":{"self":[{"href":"https:\/\/www.deberes.net\/tesis\/wp-json\/wp\/v2\/posts\/143772","targetHints":{"allow":["GET"]}}],"collection":[{"href":"https:\/\/www.deberes.net\/tesis\/wp-json\/wp\/v2\/posts"}],"about":[{"href":"https:\/\/www.deberes.net\/tesis\/wp-json\/wp\/v2\/types\/post"}],"author":[{"embeddable":true,"href":"https:\/\/www.deberes.net\/tesis\/wp-json\/wp\/v2\/users\/1"}],"replies":[{"embeddable":true,"href":"https:\/\/www.deberes.net\/tesis\/wp-json\/wp\/v2\/comments?post=143772"}],"version-history":[{"count":0,"href":"https:\/\/www.deberes.net\/tesis\/wp-json\/wp\/v2\/posts\/143772\/revisions"}],"wp:attachment":[{"href":"https:\/\/www.deberes.net\/tesis\/wp-json\/wp\/v2\/media?parent=143772"}],"wp:term":[{"taxonomy":"category","embeddable":true,"href":"https:\/\/www.deberes.net\/tesis\/wp-json\/wp\/v2\/categories?post=143772"},{"taxonomy":"post_tag","embeddable":true,"href":"https:\/\/www.deberes.net\/tesis\/wp-json\/wp\/v2\/tags?post=143772"}],"curies":[{"name":"wp","href":"https:\/\/api.w.org\/{rel}","templated":true}]}}