{"id":143812,"date":"1993-01-01T00:00:00","date_gmt":"1993-01-01T00:00:00","guid":{"rendered":"https:\/\/www.deberes.net\/tesis\/sin-categoria\/caracteristicas-psicoculturales-del-nino-canario\/"},"modified":"1993-01-01T00:00:00","modified_gmt":"1993-01-01T00:00:00","slug":"caracteristicas-psicoculturales-del-nino-canario","status":"publish","type":"post","link":"https:\/\/www.deberes.net\/tesis\/psicologia\/caracteristicas-psicoculturales-del-nino-canario\/","title":{"rendered":"Caracteristicas psicoculturales del ni\u00f1o canario"},"content":{"rendered":"<h2>Tesis doctoral de <strong>  Rodriguez Hernandez Antonio  F. <\/strong><\/h2>\n<p>El caso de canarias, como grupo diferencial, es evidente.  por lo tanto, es de vital importancia localizar los elementos peculiares de nuestro contexto sociocultural que influyen sobre la psicolog\u00eda del canario.  la finalidad de nuestra investigacion ha sido conocer, por un lado, las percepciones que los ni\u00f1os canarios tienen de su propia personalidad frente a las de ni\u00f1os no canarios; por otro, las percepciones que los adultos canarios poseen de la personalidad del ni\u00f1o canario; y por ultimo, conocer los procesos mentales cognitivos-afectivos que definen diferencialmente a muestras de sujetos de contextos socioculturales particulares.  las conclusiones generales de esta tesis son:  1) la obtencion de un perfil autoevaluativo de los sujetos canarios, frente a los sujetos peninsulares.  2) la existencia de una representacion social consensuada por parte de los tres grupos de adultos evaluadores (canarios, peninsulares y extranjeros).  3) la constatacion de que el hecho sociocultural se constituye en un eje definitorio del constructo:  personalidad cultural. Por lo tanto hemos podido aislar unos perfiles procesuales de personalidad para cada uno de los grupos de referencia.<\/p>\n<p>&nbsp;<\/p>\n<h3>Datos acad\u00e9micos de la tesis doctoral \u00ab<strong>Caracteristicas psicoculturales del ni\u00f1o canario<\/strong>\u00ab<\/h3>\n<ul>\n<li><strong>T\u00edtulo de la tesis:<\/strong>\u00a0 Caracteristicas psicoculturales del ni\u00f1o canario <\/li>\n<li><strong>Autor:<\/strong>\u00a0  Rodriguez Hernandez Antonio  F. <\/li>\n<li><strong>Universidad:<\/strong>\u00a0 La laguna<\/li>\n<li><strong>Fecha de lectura de la tesis:<\/strong>\u00a0 01\/01\/1993<\/li>\n<\/ul>\n<p>&nbsp;<\/p>\n<h3>Direcci\u00f3n y tribunal<\/h3>\n<ul>\n<li><strong>Director de la tesis<\/strong>\n<ul>\n<li>Pedro Hernandez Hernandez<\/li>\n<\/ul>\n<\/li>\n<li><strong>Tribunal<\/strong>\n<ul>\n<li>Presidente del tribunal: Enrique Freijo Balcebra <\/li>\n<li>Alejandro Gonzalez Morales (vocal)<\/li>\n<li>Enrique Arranz Freijo (vocal)<\/li>\n<li>Jos\u00e9 Fernando Est\u00e9vez Gonz\u00e1lez (vocal)<\/li>\n<\/ul>\n<\/li>\n<\/ul>\n<p>&nbsp;<\/p>\n","protected":false},"excerpt":{"rendered":"<p>Tesis doctoral de Rodriguez Hernandez Antonio F. El caso de canarias, como grupo diferencial, es evidente. por lo tanto, es [&hellip;]<\/p>\n","protected":false},"author":1,"featured_media":0,"comment_status":"open","ping_status":"open","sticky":false,"template":"","format":"standard","meta":{"site-sidebar-layout":"default","site-content-layout":"","ast-site-content-layout":"","site-content-style":"default","site-sidebar-style":"default","ast-global-header-display":"","ast-banner-title-visibility":"","ast-main-header-display":"","ast-hfb-above-header-display":"","ast-hfb-below-header-display":"","ast-hfb-mobile-header-display":"","site-post-title":"","ast-breadcrumbs-content":"","ast-featured-img":"","footer-sml-layout":"","theme-transparent-header-meta":"","adv-header-id-meta":"","stick-header-meta":"","header-above-stick-meta":"","header-main-stick-meta":"","header-below-stick-meta":"","astra-migrate-meta-layouts":"default","ast-page-background-enabled":"default","ast-page-background-meta":{"desktop":{"background-color":"var(--ast-global-color-4)","background-image":"","background-repeat":"repeat","background-position":"center center","background-size":"auto","background-attachment":"scroll","background-type":"","background-media":"","overlay-type":"","overlay-color":"","overlay-gradient":""},"tablet":{"background-color":"","background-image":"","background-repeat":"repeat","background-position":"center center","background-size":"auto","background-attachment":"scroll","background-type":"","background-media":"","overlay-type":"","overlay-color":"","overlay-gradient":""},"mobile":{"background-color":"","background-image":"","background-repeat":"repeat","background-position":"center center","background-size":"auto","background-attachment":"scroll","background-type":"","background-media":"","overlay-type":"","overlay-color":"","overlay-gradient":""}},"ast-content-background-meta":{"desktop":{"background-color":"var(--ast-global-color-5)","background-image":"","background-repeat":"repeat","background-position":"center center","background-size":"auto","background-attachment":"scroll","background-type":"","background-media":"","overlay-type":"","overlay-color":"","overlay-gradient":""},"tablet":{"background-color":"var(--ast-global-color-5)","background-image":"","background-repeat":"repeat","background-position":"center center","background-size":"auto","background-attachment":"scroll","background-type":"","background-media":"","overlay-type":"","overlay-color":"","overlay-gradient":""},"mobile":{"background-color":"var(--ast-global-color-5)","background-image":"","background-repeat":"repeat","background-position":"center center","background-size":"auto","background-attachment":"scroll","background-type":"","background-media":"","overlay-type":"","overlay-color":"","overlay-gradient":""}},"footnotes":""},"categories":[9915,1393,324,996,5174],"tags":[16692,106341,258558,59698,10241,258557],"class_list":["post-143812","post","type-post","status-publish","format-standard","hentry","category-la-laguna","category-nivel-cultural-y-personalidad","category-psicologia","category-psicologia-social","category-psicopedagogia","tag-alejandro-gonzalez-morales","tag-enrique-arranz-freijo","tag-enrique-freijo-balcebra","tag-jose-fernando-estevez-gonzalez","tag-pedro-hernandez-hernandez","tag-rodriguez-hernandez-antonio-f"],"_links":{"self":[{"href":"https:\/\/www.deberes.net\/tesis\/wp-json\/wp\/v2\/posts\/143812","targetHints":{"allow":["GET"]}}],"collection":[{"href":"https:\/\/www.deberes.net\/tesis\/wp-json\/wp\/v2\/posts"}],"about":[{"href":"https:\/\/www.deberes.net\/tesis\/wp-json\/wp\/v2\/types\/post"}],"author":[{"embeddable":true,"href":"https:\/\/www.deberes.net\/tesis\/wp-json\/wp\/v2\/users\/1"}],"replies":[{"embeddable":true,"href":"https:\/\/www.deberes.net\/tesis\/wp-json\/wp\/v2\/comments?post=143812"}],"version-history":[{"count":0,"href":"https:\/\/www.deberes.net\/tesis\/wp-json\/wp\/v2\/posts\/143812\/revisions"}],"wp:attachment":[{"href":"https:\/\/www.deberes.net\/tesis\/wp-json\/wp\/v2\/media?parent=143812"}],"wp:term":[{"taxonomy":"category","embeddable":true,"href":"https:\/\/www.deberes.net\/tesis\/wp-json\/wp\/v2\/categories?post=143812"},{"taxonomy":"post_tag","embeddable":true,"href":"https:\/\/www.deberes.net\/tesis\/wp-json\/wp\/v2\/tags?post=143812"}],"curies":[{"name":"wp","href":"https:\/\/api.w.org\/{rel}","templated":true}]}}