{"id":14392,"date":"2001-12-12T00:00:00","date_gmt":"2001-12-12T00:00:00","guid":{"rendered":"https:\/\/www.deberes.net\/tesis\/sin-categoria\/dia-del-numero-motivacion-de-la-matematica\/"},"modified":"2001-12-12T00:00:00","modified_gmt":"2001-12-12T00:00:00","slug":"dia-del-numero-motivacion-de-la-matematica","status":"publish","type":"post","link":"https:\/\/www.deberes.net\/tesis\/barcelona\/dia-del-numero-motivacion-de-la-matematica\/","title":{"rendered":"Dia del n\u00famero. motivaci\u00f3n de la matem\u00e1tica"},"content":{"rendered":"<h2>Tesis doctoral de <strong> Salvador Vidal Ramentol <\/strong><\/h2>\n<p>Inquieto porque muchos alumnos sienten una aversi\u00f3n por las matem\u00e1ticas, me propuse como motivar a los alumnos en esta asignatura.  ideamos \u00abel d\u00eda del n\u00famero\u00bb que es una jornada que mediante un conjunto de actividades l\u00fadicas de car\u00e1cter matem\u00e1tico muy variado, participan y se implican activamente tanto los alumnos de un centro como sus profesores, con el objetivo de motivarlos, as\u00ed como intentar modificar sus actitudes negativas hacia esta materia.  esta propuesta did\u00e1ctica ha estado experimentada durante m\u00e1s de diez a\u00f1os con \u00e9xito creciente.  desarrollo distintas tecnicas de motivaci\u00f3n aplicadas en el aula y tambi\u00e9n distintas t\u00e9cnicas de din\u00e1mica de grupos, asi como estrategias para mejorar el autoestima de los alumnos y conseguir mejor motivaci\u00f3n hacia las matem\u00e1ticas.  hay un estudio que relaciona las matem\u00e1ticas con la efectividad seg\u00fan un trabajo realizado con francia por nimier.  present\u00f3 una serie de actividades para la preparaci\u00f3n, organizaci\u00f3n y desarrollo de la fiesta de los n\u00fameros.  toda esta primera parte es de car\u00e1cter qualitativo y una segunda parte de car\u00e1cter quantitativo donde los resultados demuestran que con esta actividad mejora mucho la motivaci\u00f3n hacia la matem\u00e1tica.  al final hago un llamamiento a las instituciones para que se cree el \u00abonce de octubre, fiesta del beato juan xxiii, d\u00eda del n\u00famero y de las raices\u00bb.  tambi\u00e9n hay un llamamiento a los museos de ciencias para que tengan una sala dedicada a las matem\u00e1ticas que se podria llamar \u00absetam\u00bb que es mates al reves donde hubiera distintos talleres motivados de la matem\u00e1tica.<\/p>\n<p>&nbsp;<\/p>\n<h3>Datos acad\u00e9micos de la tesis doctoral \u00ab<strong>Dia del n\u00famero. motivaci\u00f3n de la matem\u00e1tica<\/strong>\u00ab<\/h3>\n<ul>\n<li><strong>T\u00edtulo de la tesis:<\/strong>\u00a0 Dia del n\u00famero. motivaci\u00f3n de la matem\u00e1tica <\/li>\n<li><strong>Autor:<\/strong>\u00a0 Salvador Vidal Ramentol <\/li>\n<li><strong>Universidad:<\/strong>\u00a0 Barcelona<\/li>\n<li><strong>Fecha de lectura de la tesis:<\/strong>\u00a0 12\/12\/2001<\/li>\n<\/ul>\n<p>&nbsp;<\/p>\n<h3>Direcci\u00f3n y tribunal<\/h3>\n<ul>\n<li><strong>Director de la tesis<\/strong>\n<ul>\n<li>Josep Mar\u00eda N\u00fa\u00f1ez Espallargas<\/li>\n<\/ul>\n<\/li>\n<li><strong>Tribunal<\/strong>\n<ul>\n<li>Presidente del tribunal: M\u00aa Luisa Rodr\u00edguez moreno <\/li>\n<li>manel Montanuy fillat (vocal)<\/li>\n<li> Molina Mar\u00eda  del carmen (vocal)<\/li>\n<li>albert Arbos bertran (vocal)<\/li>\n<\/ul>\n<\/li>\n<\/ul>\n<p>&nbsp;<\/p>\n","protected":false},"excerpt":{"rendered":"<p>Tesis doctoral de Salvador Vidal Ramentol Inquieto porque muchos alumnos sienten una aversi\u00f3n por las matem\u00e1ticas, me propuse como motivar [&hellip;]<\/p>\n","protected":false},"author":1,"featured_media":0,"comment_status":"open","ping_status":"open","sticky":false,"template":"","format":"standard","meta":{"site-sidebar-layout":"default","site-content-layout":"","ast-site-content-layout":"","site-content-style":"default","site-sidebar-style":"default","ast-global-header-display":"","ast-banner-title-visibility":"","ast-main-header-display":"","ast-hfb-above-header-display":"","ast-hfb-below-header-display":"","ast-hfb-mobile-header-display":"","site-post-title":"","ast-breadcrumbs-content":"","ast-featured-img":"","footer-sml-layout":"","theme-transparent-header-meta":"","adv-header-id-meta":"","stick-header-meta":"","header-above-stick-meta":"","header-main-stick-meta":"","header-below-stick-meta":"","astra-migrate-meta-layouts":"default","ast-page-background-enabled":"default","ast-page-background-meta":{"desktop":{"background-color":"var(--ast-global-color-4)","background-image":"","background-repeat":"repeat","background-position":"center center","background-size":"auto","background-attachment":"scroll","background-type":"","background-media":"","overlay-type":"","overlay-color":"","overlay-gradient":""},"tablet":{"background-color":"","background-image":"","background-repeat":"repeat","background-position":"center center","background-size":"auto","background-attachment":"scroll","background-type":"","background-media":"","overlay-type":"","overlay-color":"","overlay-gradient":""},"mobile":{"background-color":"","background-image":"","background-repeat":"repeat","background-position":"center center","background-size":"auto","background-attachment":"scroll","background-type":"","background-media":"","overlay-type":"","overlay-color":"","overlay-gradient":""}},"ast-content-background-meta":{"desktop":{"background-color":"var(--ast-global-color-5)","background-image":"","background-repeat":"repeat","background-position":"center center","background-size":"auto","background-attachment":"scroll","background-type":"","background-media":"","overlay-type":"","overlay-color":"","overlay-gradient":""},"tablet":{"background-color":"var(--ast-global-color-5)","background-image":"","background-repeat":"repeat","background-position":"center center","background-size":"auto","background-attachment":"scroll","background-type":"","background-media":"","overlay-type":"","overlay-color":"","overlay-gradient":""},"mobile":{"background-color":"var(--ast-global-color-5)","background-image":"","background-repeat":"repeat","background-position":"center center","background-size":"auto","background-attachment":"scroll","background-type":"","background-media":"","overlay-type":"","overlay-color":"","overlay-gradient":""}},"footnotes":""},"categories":[951,1140,1141,1288],"tags":[46343,20356,46341,46342,17313,46340],"class_list":["post-14392","post","type-post","status-publish","format-standard","hentry","category-barcelona","category-formacion-y-empleo-de-profesores","category-pedagogia","category-preparacion-de-profesores","tag-albert-arbos-bertran","tag-josep-maria-nunez-espallargas","tag-manel-montanuy-fillat","tag-molina-maria-del-carmen","tag-ma-luisa-rodriguez-moreno","tag-salvador-vidal-ramentol"],"_links":{"self":[{"href":"https:\/\/www.deberes.net\/tesis\/wp-json\/wp\/v2\/posts\/14392","targetHints":{"allow":["GET"]}}],"collection":[{"href":"https:\/\/www.deberes.net\/tesis\/wp-json\/wp\/v2\/posts"}],"about":[{"href":"https:\/\/www.deberes.net\/tesis\/wp-json\/wp\/v2\/types\/post"}],"author":[{"embeddable":true,"href":"https:\/\/www.deberes.net\/tesis\/wp-json\/wp\/v2\/users\/1"}],"replies":[{"embeddable":true,"href":"https:\/\/www.deberes.net\/tesis\/wp-json\/wp\/v2\/comments?post=14392"}],"version-history":[{"count":0,"href":"https:\/\/www.deberes.net\/tesis\/wp-json\/wp\/v2\/posts\/14392\/revisions"}],"wp:attachment":[{"href":"https:\/\/www.deberes.net\/tesis\/wp-json\/wp\/v2\/media?parent=14392"}],"wp:term":[{"taxonomy":"category","embeddable":true,"href":"https:\/\/www.deberes.net\/tesis\/wp-json\/wp\/v2\/categories?post=14392"},{"taxonomy":"post_tag","embeddable":true,"href":"https:\/\/www.deberes.net\/tesis\/wp-json\/wp\/v2\/tags?post=14392"}],"curies":[{"name":"wp","href":"https:\/\/api.w.org\/{rel}","templated":true}]}}