{"id":143922,"date":"1993-01-01T00:00:00","date_gmt":"1993-01-01T00:00:00","guid":{"rendered":"https:\/\/www.deberes.net\/tesis\/sin-categoria\/valoracion-de-la-respuesta-bronquial-inespecifica-con-metacolina-en-ninos-y-adolescentes\/"},"modified":"1993-01-01T00:00:00","modified_gmt":"1993-01-01T00:00:00","slug":"valoracion-de-la-respuesta-bronquial-inespecifica-con-metacolina-en-ninos-y-adolescentes","status":"publish","type":"post","link":"https:\/\/www.deberes.net\/tesis\/ciencias-medicas\/valoracion-de-la-respuesta-bronquial-inespecifica-con-metacolina-en-ninos-y-adolescentes\/","title":{"rendered":"Valoracion de la respuesta bronquial inespecifica con metacolina en ni\u00f1os y adolescentes:"},"content":{"rendered":"<h2>Tesis doctoral de <strong>  Cruz Granados M. Sergia <\/strong><\/h2>\n<p>Con el fin de establecer la utilidad diagnostica de la provocacion bronquial (pb) con metacolina en ni\u00f1os, realizamos una pb con metacolina a 84 ni\u00f1os y adolescentes diagnosticados de asma bronquial, con edades entre 6 y 15 a\u00f1os y, a 77 ni\u00f1os y adolescentes sanos no atopicos con edades entre 6 y 15 a\u00f1os. Empleamos el metodo de inhalacion a volumen corriente, siendo el gasto del nebulizador de 0.201+-0.015 ml\/min. El mejor punto de corte para la pc 20-fev1 que obtuvimos, fue una concentracion de metacolina de 5 mg\/ml, siendo la sensibilidad del 97.6%, la especificidad del 89% y el valor predictivo positivo y negativo un 92% y 96.6% respectivamente. La reproductibilidad de la pc 20-fev1, tanto en asmaticos como en sanos, fue de +- 1 concentracion doble de metacolina. No hemos encontrado una asociacion significativa entre el sexo y la pc 20, pero si una correlacion significativa entre el grado de hiperreactividad bronquial (hb) y la edad. En los asmaticos el fef 25-75 basal se correlaciono significativamente con el grado de hb, pero no el fev1.<\/p>\n<p>&nbsp;<\/p>\n<h3>Datos acad\u00e9micos de la tesis doctoral \u00ab<strong>Valoracion de la respuesta bronquial inespecifica con metacolina en ni\u00f1os y adolescentes:<\/strong>\u00ab<\/h3>\n<ul>\n<li><strong>T\u00edtulo de la tesis:<\/strong>\u00a0 Valoracion de la respuesta bronquial inespecifica con metacolina en ni\u00f1os y adolescentes: <\/li>\n<li><strong>Autor:<\/strong>\u00a0  Cruz Granados M. Sergia <\/li>\n<li><strong>Universidad:<\/strong>\u00a0 Sevilla<\/li>\n<li><strong>Fecha de lectura de la tesis:<\/strong>\u00a0 01\/01\/1993<\/li>\n<\/ul>\n<p>&nbsp;<\/p>\n<h3>Direcci\u00f3n y tribunal<\/h3>\n<ul>\n<li><strong>Director de la tesis<\/strong>\n<ul>\n<li>Jose Conde Hernandez<\/li>\n<\/ul>\n<\/li>\n<li><strong>Tribunal<\/strong>\n<ul>\n<li>Presidente del tribunal: Juan  Jos\u00e9 Cardesa Garc\u00eda <\/li>\n<li>Ramon Perez Cano (vocal)<\/li>\n<li>Jos\u00e9 Gonz\u00e1lez Hachero (vocal)<\/li>\n<li>Maximo Martinez Gomez (vocal)<\/li>\n<\/ul>\n<\/li>\n<\/ul>\n<p>&nbsp;<\/p>\n","protected":false},"excerpt":{"rendered":"<p>Tesis doctoral de Cruz Granados M. Sergia Con el fin de establecer la utilidad diagnostica de la provocacion bronquial (pb) [&hellip;]<\/p>\n","protected":false},"author":1,"featured_media":0,"comment_status":"open","ping_status":"open","sticky":false,"template":"","format":"standard","meta":{"site-sidebar-layout":"default","site-content-layout":"","ast-site-content-layout":"","site-content-style":"default","site-sidebar-style":"default","ast-global-header-display":"","ast-banner-title-visibility":"","ast-main-header-display":"","ast-hfb-above-header-display":"","ast-hfb-below-header-display":"","ast-hfb-mobile-header-display":"","site-post-title":"","ast-breadcrumbs-content":"","ast-featured-img":"","footer-sml-layout":"","theme-transparent-header-meta":"","adv-header-id-meta":"","stick-header-meta":"","header-above-stick-meta":"","header-main-stick-meta":"","header-below-stick-meta":"","astra-migrate-meta-layouts":"default","ast-page-background-enabled":"default","ast-page-background-meta":{"desktop":{"background-color":"var(--ast-global-color-4)","background-image":"","background-repeat":"repeat","background-position":"center center","background-size":"auto","background-attachment":"scroll","background-type":"","background-media":"","overlay-type":"","overlay-color":"","overlay-gradient":""},"tablet":{"background-color":"","background-image":"","background-repeat":"repeat","background-position":"center center","background-size":"auto","background-attachment":"scroll","background-type":"","background-media":"","overlay-type":"","overlay-color":"","overlay-gradient":""},"mobile":{"background-color":"","background-image":"","background-repeat":"repeat","background-position":"center center","background-size":"auto","background-attachment":"scroll","background-type":"","background-media":"","overlay-type":"","overlay-color":"","overlay-gradient":""}},"ast-content-background-meta":{"desktop":{"background-color":"var(--ast-global-color-5)","background-image":"","background-repeat":"repeat","background-position":"center center","background-size":"auto","background-attachment":"scroll","background-type":"","background-media":"","overlay-type":"","overlay-color":"","overlay-gradient":""},"tablet":{"background-color":"var(--ast-global-color-5)","background-image":"","background-repeat":"repeat","background-position":"center center","background-size":"auto","background-attachment":"scroll","background-type":"","background-media":"","overlay-type":"","overlay-color":"","overlay-gradient":""},"mobile":{"background-color":"var(--ast-global-color-5)","background-image":"","background-repeat":"repeat","background-position":"center center","background-size":"auto","background-attachment":"scroll","background-type":"","background-media":"","overlay-type":"","overlay-color":"","overlay-gradient":""}},"footnotes":""},"categories":[1957,155,9,156,161,10715],"tags":[258670,1961,10824,21354,60111,10783],"class_list":["post-143922","post","type-post","status-publish","format-standard","hentry","category-alergias","category-ciencias-clinicas","category-ciencias-medicas","category-patologia","category-pediatria","category-sevilla","tag-cruz-granados-m-sergia","tag-jose-conde-hernandez","tag-jose-gonzalez-hachero","tag-juan-jose-cardesa-garcia","tag-maximo-Martinez-gomez","tag-ramon-perez-cano"],"_links":{"self":[{"href":"https:\/\/www.deberes.net\/tesis\/wp-json\/wp\/v2\/posts\/143922","targetHints":{"allow":["GET"]}}],"collection":[{"href":"https:\/\/www.deberes.net\/tesis\/wp-json\/wp\/v2\/posts"}],"about":[{"href":"https:\/\/www.deberes.net\/tesis\/wp-json\/wp\/v2\/types\/post"}],"author":[{"embeddable":true,"href":"https:\/\/www.deberes.net\/tesis\/wp-json\/wp\/v2\/users\/1"}],"replies":[{"embeddable":true,"href":"https:\/\/www.deberes.net\/tesis\/wp-json\/wp\/v2\/comments?post=143922"}],"version-history":[{"count":0,"href":"https:\/\/www.deberes.net\/tesis\/wp-json\/wp\/v2\/posts\/143922\/revisions"}],"wp:attachment":[{"href":"https:\/\/www.deberes.net\/tesis\/wp-json\/wp\/v2\/media?parent=143922"}],"wp:term":[{"taxonomy":"category","embeddable":true,"href":"https:\/\/www.deberes.net\/tesis\/wp-json\/wp\/v2\/categories?post=143922"},{"taxonomy":"post_tag","embeddable":true,"href":"https:\/\/www.deberes.net\/tesis\/wp-json\/wp\/v2\/tags?post=143922"}],"curies":[{"name":"wp","href":"https:\/\/api.w.org\/{rel}","templated":true}]}}