{"id":1440,"date":"1994-01-01T00:00:00","date_gmt":"1994-01-01T00:00:00","guid":{"rendered":"https:\/\/www.deberes.net\/tesis\/1994\/01\/01\/enfoque-socioambiental-de-la-intervencion-educativa-en-un-centro-de-educacion-especial\/"},"modified":"1994-01-01T00:00:00","modified_gmt":"1994-01-01T00:00:00","slug":"enfoque-socioambiental-de-la-intervencion-educativa-en-un-centro-de-educacion-especial","status":"publish","type":"post","link":"https:\/\/www.deberes.net\/tesis\/pedagogia\/enfoque-socioambiental-de-la-intervencion-educativa-en-un-centro-de-educacion-especial\/","title":{"rendered":"Enfoque socioambiental de la intervencion educativa en un centro de educacion especial."},"content":{"rendered":"<h2>Tesis doctoral de <strong> Carlos Guzman Mataix <\/strong><\/h2>\n<p>A traves de la pedagogia ambiental y la socializacion de los alumnos con necesidades educativas especiales, se construye un modelo concreto de proyecto educativo de un centro de educacion especial. A partir de este modelo de proyecto educativo se realiza una investigacion descriptiva sobre la mejora de las condiciones de integracion social de los alumnos con necesidades educativas especiales.<\/p>\n<p>&nbsp;<\/p>\n<h3>Datos acad\u00e9micos de la tesis doctoral \u00ab<strong>Enfoque socioambiental de la intervencion educativa en un centro de educacion especial.<\/strong>\u00ab<\/h3>\n<ul>\n<li><strong>T\u00edtulo de la tesis:<\/strong>\u00a0 Enfoque socioambiental de la intervencion educativa en un centro de educacion especial. <\/li>\n<li><strong>Autor:<\/strong>\u00a0 Carlos Guzman Mataix <\/li>\n<li><strong>Universidad:<\/strong>\u00a0 Complutense de Madrid<\/li>\n<li><strong>Fecha de lectura de la tesis:<\/strong>\u00a0 01\/01\/1994<\/li>\n<\/ul>\n<p>&nbsp;<\/p>\n<h3>Direcci\u00f3n y tribunal<\/h3>\n<ul>\n<li><strong>Director de la tesis<\/strong>\n<ul>\n<li>Gonz\u00e1lo V\u00e1zquez G\u00f3mez<\/li>\n<\/ul>\n<\/li>\n<li><strong>Tribunal<\/strong>\n<ul>\n<li>Presidente del tribunal: Millan Arroyo Simon <\/li>\n<li>Antonio  J. Colom Ca\u00f1ellas (vocal)<\/li>\n<li>\u00c1lvaro Buj Gimeno (vocal)<\/li>\n<li>Jaume Sarramona L\u00f3pez (vocal)<\/li>\n<\/ul>\n<\/li>\n<\/ul>\n<p>&nbsp;<\/p>\n","protected":false},"excerpt":{"rendered":"<p>Tesis doctoral de Carlos Guzman Mataix A traves de la pedagogia ambiental y la socializacion de los alumnos con necesidades [&hellip;]<\/p>\n","protected":false},"author":1,"featured_media":0,"comment_status":"open","ping_status":"open","sticky":false,"template":"","format":"standard","meta":{"site-sidebar-layout":"default","site-content-layout":"","ast-site-content-layout":"","site-content-style":"default","site-sidebar-style":"default","ast-global-header-display":"","ast-banner-title-visibility":"","ast-main-header-display":"","ast-hfb-above-header-display":"","ast-hfb-below-header-display":"","ast-hfb-mobile-header-display":"","site-post-title":"","ast-breadcrumbs-content":"","ast-featured-img":"","footer-sml-layout":"","theme-transparent-header-meta":"","adv-header-id-meta":"","stick-header-meta":"","header-above-stick-meta":"","header-main-stick-meta":"","header-below-stick-meta":"","astra-migrate-meta-layouts":"default","ast-page-background-enabled":"default","ast-page-background-meta":{"desktop":{"background-color":"var(--ast-global-color-4)","background-image":"","background-repeat":"repeat","background-position":"center center","background-size":"auto","background-attachment":"scroll","background-type":"","background-media":"","overlay-type":"","overlay-color":"","overlay-gradient":""},"tablet":{"background-color":"","background-image":"","background-repeat":"repeat","background-position":"center center","background-size":"auto","background-attachment":"scroll","background-type":"","background-media":"","overlay-type":"","overlay-color":"","overlay-gradient":""},"mobile":{"background-color":"","background-image":"","background-repeat":"repeat","background-position":"center center","background-size":"auto","background-attachment":"scroll","background-type":"","background-media":"","overlay-type":"","overlay-color":"","overlay-gradient":""}},"ast-content-background-meta":{"desktop":{"background-color":"var(--ast-global-color-5)","background-image":"","background-repeat":"repeat","background-position":"center center","background-size":"auto","background-attachment":"scroll","background-type":"","background-media":"","overlay-type":"","overlay-color":"","overlay-gradient":""},"tablet":{"background-color":"var(--ast-global-color-5)","background-image":"","background-repeat":"repeat","background-position":"center center","background-size":"auto","background-attachment":"scroll","background-type":"","background-media":"","overlay-type":"","overlay-color":"","overlay-gradient":""},"mobile":{"background-color":"var(--ast-global-color-5)","background-image":"","background-repeat":"repeat","background-position":"center center","background-size":"auto","background-attachment":"scroll","background-type":"","background-media":"","overlay-type":"","overlay-color":"","overlay-gradient":""}},"footnotes":""},"categories":[6222,1184,1141],"tags":[6226,5717,6223,6224,6227,6225],"class_list":["post-1440","post","type-post","status-publish","format-standard","hentry","category-educacion-especial","category-organizacion-y-planificacion-de-la-educacion","category-pedagogia","tag-alvaro-buj-gimeno","tag-antonio-j-colom-canellas","tag-carlos-guzman-mataix","tag-gonzalo-vazquez-gomez","tag-jaume-sarramona-lopez","tag-millan-arroyo-simon"],"_links":{"self":[{"href":"https:\/\/www.deberes.net\/tesis\/wp-json\/wp\/v2\/posts\/1440","targetHints":{"allow":["GET"]}}],"collection":[{"href":"https:\/\/www.deberes.net\/tesis\/wp-json\/wp\/v2\/posts"}],"about":[{"href":"https:\/\/www.deberes.net\/tesis\/wp-json\/wp\/v2\/types\/post"}],"author":[{"embeddable":true,"href":"https:\/\/www.deberes.net\/tesis\/wp-json\/wp\/v2\/users\/1"}],"replies":[{"embeddable":true,"href":"https:\/\/www.deberes.net\/tesis\/wp-json\/wp\/v2\/comments?post=1440"}],"version-history":[{"count":0,"href":"https:\/\/www.deberes.net\/tesis\/wp-json\/wp\/v2\/posts\/1440\/revisions"}],"wp:attachment":[{"href":"https:\/\/www.deberes.net\/tesis\/wp-json\/wp\/v2\/media?parent=1440"}],"wp:term":[{"taxonomy":"category","embeddable":true,"href":"https:\/\/www.deberes.net\/tesis\/wp-json\/wp\/v2\/categories?post=1440"},{"taxonomy":"post_tag","embeddable":true,"href":"https:\/\/www.deberes.net\/tesis\/wp-json\/wp\/v2\/tags?post=1440"}],"curies":[{"name":"wp","href":"https:\/\/api.w.org\/{rel}","templated":true}]}}