{"id":144053,"date":"1993-01-01T00:00:00","date_gmt":"1993-01-01T00:00:00","guid":{"rendered":"https:\/\/www.deberes.net\/tesis\/sin-categoria\/evaluacion-de-la-renta-familiar-disponible-municipal\/"},"modified":"1993-01-01T00:00:00","modified_gmt":"1993-01-01T00:00:00","slug":"evaluacion-de-la-renta-familiar-disponible-municipal","status":"publish","type":"post","link":"https:\/\/www.deberes.net\/tesis\/ciencias-economicas\/evaluacion-de-la-renta-familiar-disponible-municipal\/","title":{"rendered":"\u00abevaluacion de la renta familiar disponible municipal\u00bb"},"content":{"rendered":"<h2>Tesis doctoral de <strong>  Bachero Nebot Jos\u00e9 Miguel <\/strong><\/h2>\n<p>Se pretende obtener un modelo para la evaluacion de la renta familiar disponible (r.F.D.) En ambitos municipal y comarcal para la comunidad Valenciana.  para ello se comienza con una breve revision historica de estimaciones de macromagnitudes (cap. I y ii).  posteriormente se describen de forma suscinta las tecnicas que se van a utilizar (cap. Iii) para pasar a la descripcion del modelo (cap. Iv). Este, es un modelo de regresion lineal aplicado a cada uno de los tres grupos que se han formado con las comarcas y de los cuatro que se han formado con los municipios, utilizando como variables exogenas las publicadas por el banesto en el anuario del mercado espa\u00f1ol, y como variable endogena conocida a nivel provincial la r.F.D. Publicada por el banco de bilbao.  para la formacion de los grupos se utilizan las tecnicas del analisis discriminante, partiendo de asignaciones previas obtenidas a traves del analisis cluster y el analisis de componentes principales.  se concluye con la obtencion de la r.F.D. A partir del modelo y un analisis de coherencia de los resultados obtenidos. (Cap. V).<\/p>\n<p>&nbsp;<\/p>\n<h3>Datos acad\u00e9micos de la tesis doctoral \u00ab<strong>\u00abevaluacion de la renta familiar disponible municipal\u00bb<\/strong>\u00ab<\/h3>\n<ul>\n<li><strong>T\u00edtulo de la tesis:<\/strong>\u00a0 \u00abevaluacion de la renta familiar disponible municipal\u00bb <\/li>\n<li><strong>Autor:<\/strong>\u00a0  Bachero Nebot Jos\u00e9 Miguel <\/li>\n<li><strong>Universidad:<\/strong>\u00a0 Universitat de val\u00e9ncia (estudi general)<\/li>\n<li><strong>Fecha de lectura de la tesis:<\/strong>\u00a0 01\/01\/1993<\/li>\n<\/ul>\n<p>&nbsp;<\/p>\n<h3>Direcci\u00f3n y tribunal<\/h3>\n<ul>\n<li><strong>Director de la tesis<\/strong>\n<ul>\n<li>Jes\u00fas Esteban Garc\u00eda<\/li>\n<\/ul>\n<\/li>\n<li><strong>Tribunal<\/strong>\n<ul>\n<li>Presidente del tribunal: Jos\u00e9 Mar\u00eda Barrio Maestre <\/li>\n<li>Andr\u00e9s Pedre\u00f1o Mu\u00f1oz (vocal)<\/li>\n<li>Roberto Escuder Valles (vocal)<\/li>\n<li>Rafael Romero Villafranca (vocal)<\/li>\n<\/ul>\n<\/li>\n<\/ul>\n<p>&nbsp;<\/p>\n","protected":false},"excerpt":{"rendered":"<p>Tesis doctoral de Bachero Nebot Jos\u00e9 Miguel Se pretende obtener un modelo para la evaluacion de la renta familiar disponible [&hellip;]<\/p>\n","protected":false},"author":1,"featured_media":0,"comment_status":"open","ping_status":"open","sticky":false,"template":"","format":"standard","meta":{"site-sidebar-layout":"default","site-content-layout":"","ast-site-content-layout":"","site-content-style":"default","site-sidebar-style":"default","ast-global-header-display":"","ast-banner-title-visibility":"","ast-main-header-display":"","ast-hfb-above-header-display":"","ast-hfb-below-header-display":"","ast-hfb-mobile-header-display":"","site-post-title":"","ast-breadcrumbs-content":"","ast-featured-img":"","footer-sml-layout":"","theme-transparent-header-meta":"","adv-header-id-meta":"","stick-header-meta":"","header-above-stick-meta":"","header-main-stick-meta":"","header-below-stick-meta":"","astra-migrate-meta-layouts":"default","ast-page-background-enabled":"default","ast-page-background-meta":{"desktop":{"background-color":"var(--ast-global-color-4)","background-image":"","background-repeat":"repeat","background-position":"center center","background-size":"auto","background-attachment":"scroll","background-type":"","background-media":"","overlay-type":"","overlay-color":"","overlay-gradient":""},"tablet":{"background-color":"","background-image":"","background-repeat":"repeat","background-position":"center center","background-size":"auto","background-attachment":"scroll","background-type":"","background-media":"","overlay-type":"","overlay-color":"","overlay-gradient":""},"mobile":{"background-color":"","background-image":"","background-repeat":"repeat","background-position":"center center","background-size":"auto","background-attachment":"scroll","background-type":"","background-media":"","overlay-type":"","overlay-color":"","overlay-gradient":""}},"ast-content-background-meta":{"desktop":{"background-color":"var(--ast-global-color-5)","background-image":"","background-repeat":"repeat","background-position":"center center","background-size":"auto","background-attachment":"scroll","background-type":"","background-media":"","overlay-type":"","overlay-color":"","overlay-gradient":""},"tablet":{"background-color":"var(--ast-global-color-5)","background-image":"","background-repeat":"repeat","background-position":"center center","background-size":"auto","background-attachment":"scroll","background-type":"","background-media":"","overlay-type":"","overlay-color":"","overlay-gradient":""},"mobile":{"background-color":"var(--ast-global-color-5)","background-image":"","background-repeat":"repeat","background-position":"center center","background-size":"auto","background-attachment":"scroll","background-type":"","background-media":"","overlay-type":"","overlay-color":"","overlay-gradient":""}},"footnotes":""},"categories":[3148,82,974,1477,1068,126],"tags":[40021,177132,12420,65539,16914,1072],"class_list":["post-144053","post","type-post","status-publish","format-standard","hentry","category-analisis-multivariante","category-ciencias-economicas","category-econometria","category-estadistica","category-estadistica-economica","category-matematicas","tag-andres-pedreno-munoz","tag-bachero-nebot-jose-miguel","tag-jesus-esteban-garcia","tag-jose-maria-barrio-maestre","tag-rafael-romero-villafranca","tag-roberto-escuder-valles"],"_links":{"self":[{"href":"https:\/\/www.deberes.net\/tesis\/wp-json\/wp\/v2\/posts\/144053","targetHints":{"allow":["GET"]}}],"collection":[{"href":"https:\/\/www.deberes.net\/tesis\/wp-json\/wp\/v2\/posts"}],"about":[{"href":"https:\/\/www.deberes.net\/tesis\/wp-json\/wp\/v2\/types\/post"}],"author":[{"embeddable":true,"href":"https:\/\/www.deberes.net\/tesis\/wp-json\/wp\/v2\/users\/1"}],"replies":[{"embeddable":true,"href":"https:\/\/www.deberes.net\/tesis\/wp-json\/wp\/v2\/comments?post=144053"}],"version-history":[{"count":0,"href":"https:\/\/www.deberes.net\/tesis\/wp-json\/wp\/v2\/posts\/144053\/revisions"}],"wp:attachment":[{"href":"https:\/\/www.deberes.net\/tesis\/wp-json\/wp\/v2\/media?parent=144053"}],"wp:term":[{"taxonomy":"category","embeddable":true,"href":"https:\/\/www.deberes.net\/tesis\/wp-json\/wp\/v2\/categories?post=144053"},{"taxonomy":"post_tag","embeddable":true,"href":"https:\/\/www.deberes.net\/tesis\/wp-json\/wp\/v2\/tags?post=144053"}],"curies":[{"name":"wp","href":"https:\/\/api.w.org\/{rel}","templated":true}]}}