{"id":144065,"date":"1993-01-01T00:00:00","date_gmt":"1993-01-01T00:00:00","guid":{"rendered":"https:\/\/www.deberes.net\/tesis\/sin-categoria\/la-institucionalizacion-del-psicoanalisis-en-espana-en-el-marco-de-la-a-p-i\/"},"modified":"1993-01-01T00:00:00","modified_gmt":"1993-01-01T00:00:00","slug":"la-institucionalizacion-del-psicoanalisis-en-espana-en-el-marco-de-la-a-p-i","status":"publish","type":"post","link":"https:\/\/www.deberes.net\/tesis\/psicologia\/la-institucionalizacion-del-psicoanalisis-en-espana-en-el-marco-de-la-a-p-i\/","title":{"rendered":"La institucionalizacion del psicoanalisis en espa\u00f1a en el marco de la a.p.i."},"content":{"rendered":"<h2>Tesis doctoral de <strong> Vicente Bermejo Frigola <\/strong><\/h2>\n<p>La difusion de las ideas de freud o sobre el psicoanalisis es el contexto necesario de su institucionalizacion, dedicandole a ello la primera parte (caps. I y ii). En contra de las posiciones mas tradicionales, se sostiene que tanto la difusion de tales ideas como el impacto sobre la ciencia y la cultura en la espa\u00f1a del siglo xx han sido muy importantes. Una mayor estructuracion de la ideolog\u00eda antipsicoanalitica ha tenido lugar dentro del franquismo como fruto de las luchas de poder dentro de este sistema politico, declarando una guerra cientifica y administrativa. La segunda parte esta dedicada al estudio documentado de todos los momentos de la institucionalizacion (cap. Iii), ocupando el capitulo iv el 33 congreso psicoanalitico internacional de Madrid en 1983. La tercera parte (caps.  v y vi) estudia el funcionamiento y la descripcion formal organizativa de las instituciones psicoanaliticas espa\u00f1olas, componentes de la asociacion psicoanalitica internacional (a.P.I.). En un segundo volumen se incluyen 25 apendices: los tres primeros son estudios bibliograficos sobre las instituciones psicoanaliticas; los tres ultimos estan dedicados a bibliografia; el resto de los apendices son documentacion complementaria.<\/p>\n<p>&nbsp;<\/p>\n<h3>Datos acad\u00e9micos de la tesis doctoral \u00ab<strong>La institucionalizacion del psicoanalisis en espa\u00f1a en el marco de la a.p.i.<\/strong>\u00ab<\/h3>\n<ul>\n<li><strong>T\u00edtulo de la tesis:<\/strong>\u00a0 La institucionalizacion del psicoanalisis en espa\u00f1a en el marco de la a.p.i. <\/li>\n<li><strong>Autor:<\/strong>\u00a0 Vicente Bermejo Frigola <\/li>\n<li><strong>Universidad:<\/strong>\u00a0 Universitat de val\u00e9ncia (estudi general)<\/li>\n<li><strong>Fecha de lectura de la tesis:<\/strong>\u00a0 01\/01\/1993<\/li>\n<\/ul>\n<p>&nbsp;<\/p>\n<h3>Direcci\u00f3n y tribunal<\/h3>\n<ul>\n<li><strong>Director de la tesis<\/strong>\n<ul>\n<li>Heliodoro Carpintero Capell<\/li>\n<\/ul>\n<\/li>\n<li><strong>Tribunal<\/strong>\n<ul>\n<li>Presidente del tribunal: Elena Qui\u00f1ones Vidal <\/li>\n<li>Jos\u00e9 Mar\u00eda Peir\u00f3 Silla (vocal)<\/li>\n<li>Mar\u00eda  Victoria Del Barrio G\u00e1ndara (vocal)<\/li>\n<li>Luis Mayor Martinez (vocal)<\/li>\n<\/ul>\n<\/li>\n<\/ul>\n<p>&nbsp;<\/p>\n","protected":false},"excerpt":{"rendered":"<p>Tesis doctoral de Vicente Bermejo Frigola La difusion de las ideas de freud o sobre el psicoanalisis es el contexto [&hellip;]<\/p>\n","protected":false},"author":1,"featured_media":0,"comment_status":"open","ping_status":"open","sticky":false,"template":"","format":"standard","meta":{"site-sidebar-layout":"default","site-content-layout":"","ast-site-content-layout":"","site-content-style":"default","site-sidebar-style":"default","ast-global-header-display":"","ast-banner-title-visibility":"","ast-main-header-display":"","ast-hfb-above-header-display":"","ast-hfb-below-header-display":"","ast-hfb-mobile-header-display":"","site-post-title":"","ast-breadcrumbs-content":"","ast-featured-img":"","footer-sml-layout":"","theme-transparent-header-meta":"","adv-header-id-meta":"","stick-header-meta":"","header-above-stick-meta":"","header-main-stick-meta":"","header-below-stick-meta":"","astra-migrate-meta-layouts":"default","ast-page-background-enabled":"default","ast-page-background-meta":{"desktop":{"background-color":"var(--ast-global-color-4)","background-image":"","background-repeat":"repeat","background-position":"center center","background-size":"auto","background-attachment":"scroll","background-type":"","background-media":"","overlay-type":"","overlay-color":"","overlay-gradient":""},"tablet":{"background-color":"","background-image":"","background-repeat":"repeat","background-position":"center center","background-size":"auto","background-attachment":"scroll","background-type":"","background-media":"","overlay-type":"","overlay-color":"","overlay-gradient":""},"mobile":{"background-color":"","background-image":"","background-repeat":"repeat","background-position":"center center","background-size":"auto","background-attachment":"scroll","background-type":"","background-media":"","overlay-type":"","overlay-color":"","overlay-gradient":""}},"ast-content-background-meta":{"desktop":{"background-color":"var(--ast-global-color-5)","background-image":"","background-repeat":"repeat","background-position":"center center","background-size":"auto","background-attachment":"scroll","background-type":"","background-media":"","overlay-type":"","overlay-color":"","overlay-gradient":""},"tablet":{"background-color":"var(--ast-global-color-5)","background-image":"","background-repeat":"repeat","background-position":"center center","background-size":"auto","background-attachment":"scroll","background-type":"","background-media":"","overlay-type":"","overlay-color":"","overlay-gradient":""},"mobile":{"background-color":"var(--ast-global-color-5)","background-image":"","background-repeat":"repeat","background-position":"center center","background-size":"auto","background-attachment":"scroll","background-type":"","background-media":"","overlay-type":"","overlay-color":"","overlay-gradient":""}},"footnotes":""},"categories":[4264,13026,324,440,8928],"tags":[11572,9338,7129,11832,11445,258823],"class_list":["post-144065","post","type-post","status-publish","format-standard","hentry","category-asesoramiento-y-orientacion-psicologicas","category-psicoanalisis","category-psicologia","category-psicologia-general","category-teoria-de-sistemas-en-psicologia","tag-elena-quinones-vidal","tag-heliodoro-carpintero-capell","tag-jose-maria-peiro-silla","tag-luis-mayor-Martinez","tag-maria-victoria-del-barrio-gandara","tag-vicente-bermejo-frigola"],"_links":{"self":[{"href":"https:\/\/www.deberes.net\/tesis\/wp-json\/wp\/v2\/posts\/144065","targetHints":{"allow":["GET"]}}],"collection":[{"href":"https:\/\/www.deberes.net\/tesis\/wp-json\/wp\/v2\/posts"}],"about":[{"href":"https:\/\/www.deberes.net\/tesis\/wp-json\/wp\/v2\/types\/post"}],"author":[{"embeddable":true,"href":"https:\/\/www.deberes.net\/tesis\/wp-json\/wp\/v2\/users\/1"}],"replies":[{"embeddable":true,"href":"https:\/\/www.deberes.net\/tesis\/wp-json\/wp\/v2\/comments?post=144065"}],"version-history":[{"count":0,"href":"https:\/\/www.deberes.net\/tesis\/wp-json\/wp\/v2\/posts\/144065\/revisions"}],"wp:attachment":[{"href":"https:\/\/www.deberes.net\/tesis\/wp-json\/wp\/v2\/media?parent=144065"}],"wp:term":[{"taxonomy":"category","embeddable":true,"href":"https:\/\/www.deberes.net\/tesis\/wp-json\/wp\/v2\/categories?post=144065"},{"taxonomy":"post_tag","embeddable":true,"href":"https:\/\/www.deberes.net\/tesis\/wp-json\/wp\/v2\/tags?post=144065"}],"curies":[{"name":"wp","href":"https:\/\/api.w.org\/{rel}","templated":true}]}}