{"id":144122,"date":"1993-01-01T00:00:00","date_gmt":"1993-01-01T00:00:00","guid":{"rendered":"https:\/\/www.deberes.net\/tesis\/sin-categoria\/emilio-mira-y-lopez-su-vida-y-su-obra-cientifica\/"},"modified":"1993-01-01T00:00:00","modified_gmt":"1993-01-01T00:00:00","slug":"emilio-mira-y-lopez-su-vida-y-su-obra-cientifica","status":"publish","type":"post","link":"https:\/\/www.deberes.net\/tesis\/historia\/emilio-mira-y-lopez-su-vida-y-su-obra-cientifica\/","title":{"rendered":"Emilio mira y lopez: su vida y su obra cientifica."},"content":{"rendered":"<h2>Tesis doctoral de <strong> Jos\u00e9 Vicente Estarlich Canet <\/strong><\/h2>\n<p>Se estudia la vida y la obra del famoso psiquiatra espa\u00f1ol emilio mira y lopez que nacio en cuba en 1896 y murio en brasil en 1964, tras exiliarse el a\u00f1o 1939. En primer lugar se realiza una reconstruccion biografica, analizandose las diferentes etapas de su vida infancia, estudios de bachillerato, licenciatura de medicina, actividad profesional (que transcurrio en barcelona hasta el a\u00f1o 1939 y luego en londres, buenos aires y finalmente rio de janeiro), ideoligia politica, etc., Enmarcandolas en el contexto socio-politico-cultural e historico-cientifico de la epoca. Tambien se realiza un estudio de sus contemporaneos y compa\u00f1eros (en el instituto de orientacion profesional de barcelona, catedra de psiquiatria de barcelona, etc.) Y otro sobre los medicos que se exiliaron a raiz de la guerra civil espa\u00f1ola.  en segundo lugar tenemos el estudio de los articulos de publicaciones periodicas que escribio durante su etapa espa\u00f1ola (1916-1939), dividiendolos en dos apartados: su obra psicologica (orientacion profesional, psicopedagogia, psicolog\u00eda juridica, psicofisiolog\u00eda, personalidad, escuelas psicologicas, etc.) Y su obra psiquiatrica (ense\u00f1anza de la psiquiatria, toxicomanias, tratamiento psiquiatico, psicoanalisis, medicina, psicosomatica, psiquiatria de guerra, etc.  en tercer lugar se realiza un estudio bibliometrico de su obra, estudio de las fuentes, y resumen y conclusiones.  finalmente aparece el aparatado bibliografico (con las fuentes y la bibliografia secundaria), y el apendice documental e iconografico.<\/p>\n<p>&nbsp;<\/p>\n<h3>Datos acad\u00e9micos de la tesis doctoral \u00ab<strong>Emilio mira y lopez: su vida y su obra cientifica.<\/strong>\u00ab<\/h3>\n<ul>\n<li><strong>T\u00edtulo de la tesis:<\/strong>\u00a0 Emilio mira y lopez: su vida y su obra cientifica. <\/li>\n<li><strong>Autor:<\/strong>\u00a0 Jos\u00e9 Vicente Estarlich Canet <\/li>\n<li><strong>Universidad:<\/strong>\u00a0 Universitat de val\u00e9ncia (estudi general)<\/li>\n<li><strong>Fecha de lectura de la tesis:<\/strong>\u00a0 01\/01\/1993<\/li>\n<\/ul>\n<p>&nbsp;<\/p>\n<h3>Direcci\u00f3n y tribunal<\/h3>\n<ul>\n<li><strong>Director de la tesis<\/strong>\n<ul>\n<li>Antonio Rey Gonzalez<\/li>\n<\/ul>\n<\/li>\n<li><strong>Tribunal<\/strong>\n<ul>\n<li>Presidente del tribunal: Pedro Marset Campos <\/li>\n<li>Victor Navarro Brotons (vocal)<\/li>\n<li>Emilio Balaguer Periguell (vocal)<\/li>\n<li>Manuel G\u00f3mez Beneyto (vocal)<\/li>\n<\/ul>\n<\/li>\n<\/ul>\n<p>&nbsp;<\/p>\n","protected":false},"excerpt":{"rendered":"<p>Tesis doctoral de Jos\u00e9 Vicente Estarlich Canet Se estudia la vida y la obra del famoso psiquiatra espa\u00f1ol emilio mira [&hellip;]<\/p>\n","protected":false},"author":1,"featured_media":0,"comment_status":"open","ping_status":"open","sticky":false,"template":"","format":"standard","meta":{"site-sidebar-layout":"default","site-content-layout":"","ast-site-content-layout":"","site-content-style":"default","site-sidebar-style":"default","ast-global-header-display":"","ast-banner-title-visibility":"","ast-main-header-display":"","ast-hfb-above-header-display":"","ast-hfb-below-header-display":"","ast-hfb-mobile-header-display":"","site-post-title":"","ast-breadcrumbs-content":"","ast-featured-img":"","footer-sml-layout":"","theme-transparent-header-meta":"","adv-header-id-meta":"","stick-header-meta":"","header-above-stick-meta":"","header-main-stick-meta":"","header-below-stick-meta":"","astra-migrate-meta-layouts":"default","ast-page-background-enabled":"default","ast-page-background-meta":{"desktop":{"background-color":"var(--ast-global-color-4)","background-image":"","background-repeat":"repeat","background-position":"center center","background-size":"auto","background-attachment":"scroll","background-type":"","background-media":"","overlay-type":"","overlay-color":"","overlay-gradient":""},"tablet":{"background-color":"","background-image":"","background-repeat":"repeat","background-position":"center center","background-size":"auto","background-attachment":"scroll","background-type":"","background-media":"","overlay-type":"","overlay-color":"","overlay-gradient":""},"mobile":{"background-color":"","background-image":"","background-repeat":"repeat","background-position":"center center","background-size":"auto","background-attachment":"scroll","background-type":"","background-media":"","overlay-type":"","overlay-color":"","overlay-gradient":""}},"ast-content-background-meta":{"desktop":{"background-color":"var(--ast-global-color-5)","background-image":"","background-repeat":"repeat","background-position":"center center","background-size":"auto","background-attachment":"scroll","background-type":"","background-media":"","overlay-type":"","overlay-color":"","overlay-gradient":""},"tablet":{"background-color":"var(--ast-global-color-5)","background-image":"","background-repeat":"repeat","background-position":"center center","background-size":"auto","background-attachment":"scroll","background-type":"","background-media":"","overlay-type":"","overlay-color":"","overlay-gradient":""},"mobile":{"background-color":"var(--ast-global-color-5)","background-image":"","background-repeat":"repeat","background-position":"center center","background-size":"auto","background-attachment":"scroll","background-type":"","background-media":"","overlay-type":"","overlay-color":"","overlay-gradient":""}},"footnotes":""},"categories":[954,104,221,222],"tags":[8365,8426,258883,21335,7391,8590],"class_list":["post-144122","post","type-post","status-publish","format-standard","hentry","category-biografias","category-historia","category-historia-de-la-medicina","category-historias-especializadas","tag-antonio-rey-gonzalez","tag-emilio-balaguer-periguell","tag-jose-vicente-estarlich-canet","tag-manuel-gomez-beneyto","tag-pedro-marset-campos","tag-victor-navarro-brotons"],"_links":{"self":[{"href":"https:\/\/www.deberes.net\/tesis\/wp-json\/wp\/v2\/posts\/144122","targetHints":{"allow":["GET"]}}],"collection":[{"href":"https:\/\/www.deberes.net\/tesis\/wp-json\/wp\/v2\/posts"}],"about":[{"href":"https:\/\/www.deberes.net\/tesis\/wp-json\/wp\/v2\/types\/post"}],"author":[{"embeddable":true,"href":"https:\/\/www.deberes.net\/tesis\/wp-json\/wp\/v2\/users\/1"}],"replies":[{"embeddable":true,"href":"https:\/\/www.deberes.net\/tesis\/wp-json\/wp\/v2\/comments?post=144122"}],"version-history":[{"count":0,"href":"https:\/\/www.deberes.net\/tesis\/wp-json\/wp\/v2\/posts\/144122\/revisions"}],"wp:attachment":[{"href":"https:\/\/www.deberes.net\/tesis\/wp-json\/wp\/v2\/media?parent=144122"}],"wp:term":[{"taxonomy":"category","embeddable":true,"href":"https:\/\/www.deberes.net\/tesis\/wp-json\/wp\/v2\/categories?post=144122"},{"taxonomy":"post_tag","embeddable":true,"href":"https:\/\/www.deberes.net\/tesis\/wp-json\/wp\/v2\/tags?post=144122"}],"curies":[{"name":"wp","href":"https:\/\/api.w.org\/{rel}","templated":true}]}}