{"id":144182,"date":"1993-01-01T00:00:00","date_gmt":"1993-01-01T00:00:00","guid":{"rendered":"https:\/\/www.deberes.net\/tesis\/sin-categoria\/el-camp-de-turia-y-la-hoya-de-bunol-desarrollo-endogeno-e-influencias-exogenas\/"},"modified":"1993-01-01T00:00:00","modified_gmt":"1993-01-01T00:00:00","slug":"el-camp-de-turia-y-la-hoya-de-bunol-desarrollo-endogeno-e-influencias-exogenas","status":"publish","type":"post","link":"https:\/\/www.deberes.net\/tesis\/geografia\/el-camp-de-turia-y-la-hoya-de-bunol-desarrollo-endogeno-e-influencias-exogenas\/","title":{"rendered":"\u00abel camp de turia y la hoya de bu\u00f1ol: desarrollo endogeno e influencias exogenas\u00bb"},"content":{"rendered":"<h2>Tesis doctoral de <strong> Jorge Hermosilla Pla <\/strong><\/h2>\n<p>Las comarcas Valencianas del camp de turia y la hoya de bu\u00f1ol chiva han experimentado en las ultimas decadas un proceso de crecimiento economico producto de varias dinamicas: la explotacion de los recursos propios del espacio analizado, base del desarrollo economico endogeno, y el establecimiento de relaciones con el area metropolitana de Valencia, aspecto fundamental de las influencias exogenas (descongestion demografica, descentralizacion de la fase productiva de ciertas industrias, caracteres de una agricultura periurbana, etc.). En este sentido se tratan diversas tematicas, las cuales aparecen interrelacionadas entre si y condicionando los usos del suelo presentes y futuros: los recursos geologicos e hidricos; el sistema de comunicaciones terrestres; la actividad agricola; el sector industrial; y la residencia secundaria.<\/p>\n<p>&nbsp;<\/p>\n<h3>Datos acad\u00e9micos de la tesis doctoral \u00ab<strong>\u00abel camp de turia y la hoya de bu\u00f1ol: desarrollo endogeno e influencias exogenas\u00bb<\/strong>\u00ab<\/h3>\n<ul>\n<li><strong>T\u00edtulo de la tesis:<\/strong>\u00a0 \u00abel camp de turia y la hoya de bu\u00f1ol: desarrollo endogeno e influencias exogenas\u00bb <\/li>\n<li><strong>Autor:<\/strong>\u00a0 Jorge Hermosilla Pla <\/li>\n<li><strong>Universidad:<\/strong>\u00a0 Universitat de val\u00e9ncia (estudi general)<\/li>\n<li><strong>Fecha de lectura de la tesis:<\/strong>\u00a0 01\/01\/1993<\/li>\n<\/ul>\n<p>&nbsp;<\/p>\n<h3>Direcci\u00f3n y tribunal<\/h3>\n<ul>\n<li><strong>Director de la tesis<\/strong>\n<ul>\n<li>Juan Piqueras Haba<\/li>\n<\/ul>\n<\/li>\n<li><strong>Tribunal<\/strong>\n<ul>\n<li>Presidente del tribunal: Vicen\u00ed\u00a7 M. Rossell\u00f3 Verger <\/li>\n<li>Jos\u00e9 Mar\u00eda Jord\u00e1n Galduf (vocal)<\/li>\n<li>Vicente Gozalvez Perez (vocal)<\/li>\n<li>Rosa Mar\u00eda Jord\u00e1 Borrell (vocal)<\/li>\n<\/ul>\n<\/li>\n<\/ul>\n<p>&nbsp;<\/p>\n","protected":false},"excerpt":{"rendered":"<p>Tesis doctoral de Jorge Hermosilla Pla Las comarcas Valencianas del camp de turia y la hoya de bu\u00f1ol chiva han [&hellip;]<\/p>\n","protected":false},"author":1,"featured_media":0,"comment_status":"open","ping_status":"open","sticky":false,"template":"","format":"standard","meta":{"site-sidebar-layout":"default","site-content-layout":"","ast-site-content-layout":"","site-content-style":"default","site-sidebar-style":"default","ast-global-header-display":"","ast-banner-title-visibility":"","ast-main-header-display":"","ast-hfb-above-header-display":"","ast-hfb-below-header-display":"","ast-hfb-mobile-header-display":"","site-post-title":"","ast-breadcrumbs-content":"","ast-featured-img":"","footer-sml-layout":"","theme-transparent-header-meta":"","adv-header-id-meta":"","stick-header-meta":"","header-above-stick-meta":"","header-main-stick-meta":"","header-below-stick-meta":"","astra-migrate-meta-layouts":"default","ast-page-background-enabled":"default","ast-page-background-meta":{"desktop":{"background-color":"var(--ast-global-color-4)","background-image":"","background-repeat":"repeat","background-position":"center center","background-size":"auto","background-attachment":"scroll","background-type":"","background-media":"","overlay-type":"","overlay-color":"","overlay-gradient":""},"tablet":{"background-color":"","background-image":"","background-repeat":"repeat","background-position":"center center","background-size":"auto","background-attachment":"scroll","background-type":"","background-media":"","overlay-type":"","overlay-color":"","overlay-gradient":""},"mobile":{"background-color":"","background-image":"","background-repeat":"repeat","background-position":"center center","background-size":"auto","background-attachment":"scroll","background-type":"","background-media":"","overlay-type":"","overlay-color":"","overlay-gradient":""}},"ast-content-background-meta":{"desktop":{"background-color":"var(--ast-global-color-5)","background-image":"","background-repeat":"repeat","background-position":"center center","background-size":"auto","background-attachment":"scroll","background-type":"","background-media":"","overlay-type":"","overlay-color":"","overlay-gradient":""},"tablet":{"background-color":"var(--ast-global-color-5)","background-image":"","background-repeat":"repeat","background-position":"center center","background-size":"auto","background-attachment":"scroll","background-type":"","background-media":"","overlay-type":"","overlay-color":"","overlay-gradient":""},"mobile":{"background-color":"var(--ast-global-color-5)","background-image":"","background-repeat":"repeat","background-position":"center center","background-size":"auto","background-attachment":"scroll","background-type":"","background-media":"","overlay-type":"","overlay-color":"","overlay-gradient":""}},"footnotes":""},"categories":[1399,11756,3091],"tags":[60126,11698,112801,65797,26821,8391],"class_list":["post-144182","post","type-post","status-publish","format-standard","hentry","category-geografia","category-geografia-del-desarrollo-regional","category-geografia-economica","tag-jorge-hermosilla-pla","tag-jose-maria-jordan-galduf","tag-juan-piqueras-haba","tag-rosa-maria-jorda-borrell","tag-viceni-m-rossello-verger","tag-vicente-gozalvez-perez"],"_links":{"self":[{"href":"https:\/\/www.deberes.net\/tesis\/wp-json\/wp\/v2\/posts\/144182","targetHints":{"allow":["GET"]}}],"collection":[{"href":"https:\/\/www.deberes.net\/tesis\/wp-json\/wp\/v2\/posts"}],"about":[{"href":"https:\/\/www.deberes.net\/tesis\/wp-json\/wp\/v2\/types\/post"}],"author":[{"embeddable":true,"href":"https:\/\/www.deberes.net\/tesis\/wp-json\/wp\/v2\/users\/1"}],"replies":[{"embeddable":true,"href":"https:\/\/www.deberes.net\/tesis\/wp-json\/wp\/v2\/comments?post=144182"}],"version-history":[{"count":0,"href":"https:\/\/www.deberes.net\/tesis\/wp-json\/wp\/v2\/posts\/144182\/revisions"}],"wp:attachment":[{"href":"https:\/\/www.deberes.net\/tesis\/wp-json\/wp\/v2\/media?parent=144182"}],"wp:term":[{"taxonomy":"category","embeddable":true,"href":"https:\/\/www.deberes.net\/tesis\/wp-json\/wp\/v2\/categories?post=144182"},{"taxonomy":"post_tag","embeddable":true,"href":"https:\/\/www.deberes.net\/tesis\/wp-json\/wp\/v2\/tags?post=144182"}],"curies":[{"name":"wp","href":"https:\/\/api.w.org\/{rel}","templated":true}]}}