{"id":144300,"date":"1993-01-01T00:00:00","date_gmt":"1993-01-01T00:00:00","guid":{"rendered":"https:\/\/www.deberes.net\/tesis\/sin-categoria\/la-expresion-de-condicion-en-espanol-y-en-maya-yucateco\/"},"modified":"1993-01-01T00:00:00","modified_gmt":"1993-01-01T00:00:00","slug":"la-expresion-de-condicion-en-espanol-y-en-maya-yucateco","status":"publish","type":"post","link":"https:\/\/www.deberes.net\/tesis\/linguistica\/la-expresion-de-condicion-en-espanol-y-en-maya-yucateco\/","title":{"rendered":"La expresion de condicion en espa\u00f1ol y en maya yucateco."},"content":{"rendered":"<h2>Tesis doctoral de <strong>  Raga Gimeno Francisco Jose <\/strong><\/h2>\n<p>La presente tesis esta dividida en dos partes, la primera de las cuales esta dedicada al estudio de las oraciones condicionales del espa\u00f1ol. En la segunda parte, despues de una somera descripcion de los principales fenomenos gramaticales del maya yucateco, se aborda el analisis de las oraciones condicionales de dicha lengua, siempre tomando como punto de referencia lo expuesto a proposito del espa\u00f1ol.  hemos considerado que la principal funcion que cumplen las expresiones condicionales es la de realzar (y en ocasiones incluso explicitar) determinados contenidos.  este mecanismo realzador, que denominamos suposicion, puede funcionar en el nivel gramatical, realzando presuposiciones; en el nivel pragmatico-enunciativo, realzando implicaciones conversacionales; y en el nivel discursivo, realzando antecedentes tematicos. En la segunda parte hemos propuesto que las diferencias que presentan maya y espa\u00f1ol en cuanto a la categorizacion estan directamente relacionadas con la estructura informativa que presentan sus enunciados; lo cual se refleja en la distinta articulacion:  aseveracion-interrogacion-presuposicion-suposicion, que se observa en ambas lenguas.<\/p>\n<p>&nbsp;<\/p>\n<h3>Datos acad\u00e9micos de la tesis doctoral \u00ab<strong>La expresion de condicion en espa\u00f1ol y en maya yucateco.<\/strong>\u00ab<\/h3>\n<ul>\n<li><strong>T\u00edtulo de la tesis:<\/strong>\u00a0 La expresion de condicion en espa\u00f1ol y en maya yucateco. <\/li>\n<li><strong>Autor:<\/strong>\u00a0  Raga Gimeno Francisco Jose <\/li>\n<li><strong>Universidad:<\/strong>\u00a0 Universitat de val\u00e9ncia (estudi general)<\/li>\n<li><strong>Fecha de lectura de la tesis:<\/strong>\u00a0 01\/01\/1993<\/li>\n<\/ul>\n<p>&nbsp;<\/p>\n<h3>Direcci\u00f3n y tribunal<\/h3>\n<ul>\n<li><strong>Director de la tesis<\/strong>\n<ul>\n<li>Carlos Hernandez Sacrist\u00e1n<\/li>\n<\/ul>\n<\/li>\n<li><strong>Tribunal<\/strong>\n<ul>\n<li>Presidente del tribunal: \u00e1ngel L\u00f3pez Garc\u00eda <\/li>\n<li>Juan  Carlos Moreno Cabrera (vocal)<\/li>\n<li>Karmelee Rotaexe Amusategui (vocal)<\/li>\n<li> Ruiz Ant\u00f3n Juan  Carlos (vocal)<\/li>\n<\/ul>\n<\/li>\n<\/ul>\n<p>&nbsp;<\/p>\n","protected":false},"excerpt":{"rendered":"<p>Tesis doctoral de Raga Gimeno Francisco Jose La presente tesis esta dividida en dos partes, la primera de las cuales [&hellip;]<\/p>\n","protected":false},"author":1,"featured_media":0,"comment_status":"open","ping_status":"open","sticky":false,"template":"","format":"standard","meta":{"site-sidebar-layout":"default","site-content-layout":"","ast-site-content-layout":"","site-content-style":"default","site-sidebar-style":"default","ast-global-header-display":"","ast-banner-title-visibility":"","ast-main-header-display":"","ast-hfb-above-header-display":"","ast-hfb-below-header-display":"","ast-hfb-mobile-header-display":"","site-post-title":"","ast-breadcrumbs-content":"","ast-featured-img":"","footer-sml-layout":"","theme-transparent-header-meta":"","adv-header-id-meta":"","stick-header-meta":"","header-above-stick-meta":"","header-main-stick-meta":"","header-below-stick-meta":"","astra-migrate-meta-layouts":"default","ast-page-background-enabled":"default","ast-page-background-meta":{"desktop":{"background-color":"var(--ast-global-color-4)","background-image":"","background-repeat":"repeat","background-position":"center center","background-size":"auto","background-attachment":"scroll","background-type":"","background-media":"","overlay-type":"","overlay-color":"","overlay-gradient":""},"tablet":{"background-color":"","background-image":"","background-repeat":"repeat","background-position":"center center","background-size":"auto","background-attachment":"scroll","background-type":"","background-media":"","overlay-type":"","overlay-color":"","overlay-gradient":""},"mobile":{"background-color":"","background-image":"","background-repeat":"repeat","background-position":"center center","background-size":"auto","background-attachment":"scroll","background-type":"","background-media":"","overlay-type":"","overlay-color":"","overlay-gradient":""}},"ast-content-background-meta":{"desktop":{"background-color":"var(--ast-global-color-5)","background-image":"","background-repeat":"repeat","background-position":"center center","background-size":"auto","background-attachment":"scroll","background-type":"","background-media":"","overlay-type":"","overlay-color":"","overlay-gradient":""},"tablet":{"background-color":"var(--ast-global-color-5)","background-image":"","background-repeat":"repeat","background-position":"center center","background-size":"auto","background-attachment":"scroll","background-type":"","background-media":"","overlay-type":"","overlay-color":"","overlay-gradient":""},"mobile":{"background-color":"var(--ast-global-color-5)","background-image":"","background-repeat":"repeat","background-position":"center center","background-size":"auto","background-attachment":"scroll","background-type":"","background-media":"","overlay-type":"","overlay-color":"","overlay-gradient":""}},"footnotes":""},"categories":[59,4139,62,3016],"tags":[1515,12255,2545,259064,259063,11789],"class_list":["post-144300","post","type-post","status-publish","format-standard","hentry","category-linguistica","category-linguistica-comparada","category-linguistica-sincronica","category-teoria-linguistica","tag-angel-lopez-garcia","tag-carlos-hernandez-sacristan","tag-juan-carlos-moreno-cabrera","tag-karmelee-rotaexe-amusategui","tag-raga-gimeno-francisco-jose","tag-ruiz-anton-juan-carlos"],"_links":{"self":[{"href":"https:\/\/www.deberes.net\/tesis\/wp-json\/wp\/v2\/posts\/144300","targetHints":{"allow":["GET"]}}],"collection":[{"href":"https:\/\/www.deberes.net\/tesis\/wp-json\/wp\/v2\/posts"}],"about":[{"href":"https:\/\/www.deberes.net\/tesis\/wp-json\/wp\/v2\/types\/post"}],"author":[{"embeddable":true,"href":"https:\/\/www.deberes.net\/tesis\/wp-json\/wp\/v2\/users\/1"}],"replies":[{"embeddable":true,"href":"https:\/\/www.deberes.net\/tesis\/wp-json\/wp\/v2\/comments?post=144300"}],"version-history":[{"count":0,"href":"https:\/\/www.deberes.net\/tesis\/wp-json\/wp\/v2\/posts\/144300\/revisions"}],"wp:attachment":[{"href":"https:\/\/www.deberes.net\/tesis\/wp-json\/wp\/v2\/media?parent=144300"}],"wp:term":[{"taxonomy":"category","embeddable":true,"href":"https:\/\/www.deberes.net\/tesis\/wp-json\/wp\/v2\/categories?post=144300"},{"taxonomy":"post_tag","embeddable":true,"href":"https:\/\/www.deberes.net\/tesis\/wp-json\/wp\/v2\/tags?post=144300"}],"curies":[{"name":"wp","href":"https:\/\/api.w.org\/{rel}","templated":true}]}}