{"id":144302,"date":"1993-01-01T00:00:00","date_gmt":"1993-01-01T00:00:00","guid":{"rendered":"https:\/\/www.deberes.net\/tesis\/sin-categoria\/modelos-de-gestion-de-instalaciones-deportivas-en-la-comunidad-valenciana\/"},"modified":"1993-01-01T00:00:00","modified_gmt":"1993-01-01T00:00:00","slug":"modelos-de-gestion-de-instalaciones-deportivas-en-la-comunidad-valenciana","status":"publish","type":"post","link":"https:\/\/www.deberes.net\/tesis\/psicologia\/modelos-de-gestion-de-instalaciones-deportivas-en-la-comunidad-valenciana\/","title":{"rendered":"Modelos de gestion de instalaciones deportivas en la comunidad Valenciana"},"content":{"rendered":"<h2>Tesis doctoral de <strong> Jos\u00e9 Ramos L\u00f3pez <\/strong><\/h2>\n<p>El contenido del puesto de trabajo de los gerentes de instalaciones deportivas es el objeto de estudio. Se realiza un analisis de puestos basado en una aproximacion metodologica de inventarios de tareas, a traves de un cuestionario elaborado para esta investigacion. Este cuestionario considera cinco areas de la gestion de instalaciones (economica, personal, mantenimiento, oferta de la instalacion y marketing), y en cada una de ellas se consideran diversas variables: frecuencia de realizacion de las tareas, competencias de los gerentes, necesidad de mejorar las tareas y problematica de las areas de la gestion. Tambien se utiliza una metodolog\u00eda cualitativa (sesiones de trabajo con expertos). La muestra consta de 44 gerentes de instalaciones deportivas. Los resultados muestran las principales tareas realizadas por los encuestados, las actividades que mayor necesidad de mejora presentan y los aspectos mas problematicos en cada una de las areas.  junto a la descripcion del contenido del puesto se analizan las diferencias en funcion de la propiedad y el tama\u00f1o de las instalaciones, y se identifican diversos perfiles de desempe\u00f1o de la gestion (en cada area y considerada globalmente).<\/p>\n<p>&nbsp;<\/p>\n<h3>Datos acad\u00e9micos de la tesis doctoral \u00ab<strong>Modelos de gestion de instalaciones deportivas en la comunidad Valenciana<\/strong>\u00ab<\/h3>\n<ul>\n<li><strong>T\u00edtulo de la tesis:<\/strong>\u00a0 Modelos de gestion de instalaciones deportivas en la comunidad Valenciana <\/li>\n<li><strong>Autor:<\/strong>\u00a0 Jos\u00e9 Ramos L\u00f3pez <\/li>\n<li><strong>Universidad:<\/strong>\u00a0 Universitat de val\u00e9ncia (estudi general)<\/li>\n<li><strong>Fecha de lectura de la tesis:<\/strong>\u00a0 01\/01\/1993<\/li>\n<\/ul>\n<p>&nbsp;<\/p>\n<h3>Direcci\u00f3n y tribunal<\/h3>\n<ul>\n<li><strong>Director de la tesis<\/strong>\n<ul>\n<li>Jos\u00e9 Mar\u00eda Peir\u00f3 Silla<\/li>\n<\/ul>\n<\/li>\n<li><strong>Tribunal<\/strong>\n<ul>\n<li>Presidente del tribunal: Florencio Jim\u00e9nez Burillo <\/li>\n<li>Francisco Tortosa Gil (vocal)<\/li>\n<li>Antonio Del Cerro Ramon (vocal)<\/li>\n<li>Ismael Quintanilla Pardo (vocal)<\/li>\n<\/ul>\n<\/li>\n<\/ul>\n<p>&nbsp;<\/p>\n","protected":false},"excerpt":{"rendered":"<p>Tesis doctoral de Jos\u00e9 Ramos L\u00f3pez El contenido del puesto de trabajo de los gerentes de instalaciones deportivas es el [&hellip;]<\/p>\n","protected":false},"author":1,"featured_media":0,"comment_status":"open","ping_status":"open","sticky":false,"template":"","format":"standard","meta":{"site-sidebar-layout":"default","site-content-layout":"","ast-site-content-layout":"","site-content-style":"default","site-sidebar-style":"default","ast-global-header-display":"","ast-banner-title-visibility":"","ast-main-header-display":"","ast-hfb-above-header-display":"","ast-hfb-below-header-display":"","ast-hfb-mobile-header-display":"","site-post-title":"","ast-breadcrumbs-content":"","ast-featured-img":"","footer-sml-layout":"","theme-transparent-header-meta":"","adv-header-id-meta":"","stick-header-meta":"","header-above-stick-meta":"","header-main-stick-meta":"","header-below-stick-meta":"","astra-migrate-meta-layouts":"default","ast-page-background-enabled":"default","ast-page-background-meta":{"desktop":{"background-color":"var(--ast-global-color-4)","background-image":"","background-repeat":"repeat","background-position":"center center","background-size":"auto","background-attachment":"scroll","background-type":"","background-media":"","overlay-type":"","overlay-color":"","overlay-gradient":""},"tablet":{"background-color":"","background-image":"","background-repeat":"repeat","background-position":"center center","background-size":"auto","background-attachment":"scroll","background-type":"","background-media":"","overlay-type":"","overlay-color":"","overlay-gradient":""},"mobile":{"background-color":"","background-image":"","background-repeat":"repeat","background-position":"center center","background-size":"auto","background-attachment":"scroll","background-type":"","background-media":"","overlay-type":"","overlay-color":"","overlay-gradient":""}},"ast-content-background-meta":{"desktop":{"background-color":"var(--ast-global-color-5)","background-image":"","background-repeat":"repeat","background-position":"center center","background-size":"auto","background-attachment":"scroll","background-type":"","background-media":"","overlay-type":"","overlay-color":"","overlay-gradient":""},"tablet":{"background-color":"var(--ast-global-color-5)","background-image":"","background-repeat":"repeat","background-position":"center center","background-size":"auto","background-attachment":"scroll","background-type":"","background-media":"","overlay-type":"","overlay-color":"","overlay-gradient":""},"mobile":{"background-color":"var(--ast-global-color-5)","background-image":"","background-repeat":"repeat","background-position":"center center","background-size":"auto","background-attachment":"scroll","background-type":"","background-media":"","overlay-type":"","overlay-color":"","overlay-gradient":""}},"footnotes":""},"categories":[856,838,2169,11894,324,7126],"tags":[148670,6709,5269,11893,7129,37738],"class_list":["post-144302","post","type-post","status-publish","format-standard","hentry","category-administracion-publica","category-ciencia-politica","category-funcion-publica","category-planificacion-y-evaluacion-de-puestos-de-trabajo","category-psicologia","category-psicologia-industrial","tag-antonio-del-cerro-ramon","tag-florencio-jimenez-burillo","tag-francisco-tortosa-gil","tag-ismael-quintanilla-pardo","tag-jose-maria-peiro-silla","tag-jose-ramos-lopez"],"_links":{"self":[{"href":"https:\/\/www.deberes.net\/tesis\/wp-json\/wp\/v2\/posts\/144302","targetHints":{"allow":["GET"]}}],"collection":[{"href":"https:\/\/www.deberes.net\/tesis\/wp-json\/wp\/v2\/posts"}],"about":[{"href":"https:\/\/www.deberes.net\/tesis\/wp-json\/wp\/v2\/types\/post"}],"author":[{"embeddable":true,"href":"https:\/\/www.deberes.net\/tesis\/wp-json\/wp\/v2\/users\/1"}],"replies":[{"embeddable":true,"href":"https:\/\/www.deberes.net\/tesis\/wp-json\/wp\/v2\/comments?post=144302"}],"version-history":[{"count":0,"href":"https:\/\/www.deberes.net\/tesis\/wp-json\/wp\/v2\/posts\/144302\/revisions"}],"wp:attachment":[{"href":"https:\/\/www.deberes.net\/tesis\/wp-json\/wp\/v2\/media?parent=144302"}],"wp:term":[{"taxonomy":"category","embeddable":true,"href":"https:\/\/www.deberes.net\/tesis\/wp-json\/wp\/v2\/categories?post=144302"},{"taxonomy":"post_tag","embeddable":true,"href":"https:\/\/www.deberes.net\/tesis\/wp-json\/wp\/v2\/tags?post=144302"}],"curies":[{"name":"wp","href":"https:\/\/api.w.org\/{rel}","templated":true}]}}