{"id":144329,"date":"1993-01-01T00:00:00","date_gmt":"1993-01-01T00:00:00","guid":{"rendered":"https:\/\/www.deberes.net\/tesis\/sin-categoria\/tipos-e-incidencias-de-los-accidentes-laborales-en-la-provincia-de-valencia-en-el-ano-1987\/"},"modified":"1993-01-01T00:00:00","modified_gmt":"1993-01-01T00:00:00","slug":"tipos-e-incidencias-de-los-accidentes-laborales-en-la-provincia-de-valencia-en-el-ano-1987","status":"publish","type":"post","link":"https:\/\/www.deberes.net\/tesis\/ciencias-medicas\/tipos-e-incidencias-de-los-accidentes-laborales-en-la-provincia-de-valencia-en-el-ano-1987\/","title":{"rendered":"Tipos e incidencias de los accidentes laborales en la provincia de Valencia en el a\u00f1o 1987"},"content":{"rendered":"<h2>Tesis doctoral de <strong> Ignacio Serra Nogues <\/strong><\/h2>\n<p>El objetivo de la tesis, ha sido el detectar el accidente de trabajo tipo y su incidencia en la provincia de Valencia en 1987. Se han estudiado 10.053 partes de accidente, extractando y codificando 19 parametros basicos de cada uno de ellos.  tras un tratamiento informatico y estadistico se han hallado las frecuencias generales y el accidente tipo por sector de actividad.  igualmente se hace incapie en los accidentes que no causan baja, los mortales y los \u00abin itwere\u00bb; con estudios particulares multivariantes por determinados sectores de produccion, ademas hemos determinado sus caractericticas fundamentales y como resumen de los resultados mas destacados informanos de la perdida de informacion por la insuficiente cumplimentacion del parte de accidente, el poco uso de los elementos de proteccion personal, y la creciente importancia del trafico rodado y el alcance en los accidentes laborales.<\/p>\n<p>&nbsp;<\/p>\n<h3>Datos acad\u00e9micos de la tesis doctoral \u00ab<strong>Tipos e incidencias de los accidentes laborales en la provincia de Valencia en el a\u00f1o 1987<\/strong>\u00ab<\/h3>\n<ul>\n<li><strong>T\u00edtulo de la tesis:<\/strong>\u00a0 Tipos e incidencias de los accidentes laborales en la provincia de Valencia en el a\u00f1o 1987 <\/li>\n<li><strong>Autor:<\/strong>\u00a0 Ignacio Serra Nogues <\/li>\n<li><strong>Universidad:<\/strong>\u00a0 Universitat de val\u00e9ncia (estudi general)<\/li>\n<li><strong>Fecha de lectura de la tesis:<\/strong>\u00a0 01\/01\/1993<\/li>\n<\/ul>\n<p>&nbsp;<\/p>\n<h3>Direcci\u00f3n y tribunal<\/h3>\n<ul>\n<li><strong>Director de la tesis<\/strong>\n<ul>\n<li>Fernando Alejo Verd\u00fa Pascual<\/li>\n<\/ul>\n<\/li>\n<li><strong>Tribunal<\/strong>\n<ul>\n<li>Presidente del tribunal:  Gisbert Calabuig Juan  Antonio <\/li>\n<li>Jos\u00e9 Mar\u00eda Salinas Mart\u00ednez De Lecea (vocal)<\/li>\n<li>Mar\u00eda Emilia Lachica L\u00f3pez (vocal)<\/li>\n<li> Criado Del Rio M. Teresa (vocal)<\/li>\n<\/ul>\n<\/li>\n<\/ul>\n<p>&nbsp;<\/p>\n","protected":false},"excerpt":{"rendered":"<p>Tesis doctoral de Ignacio Serra Nogues El objetivo de la tesis, ha sido el detectar el accidente de trabajo tipo [&hellip;]<\/p>\n","protected":false},"author":1,"featured_media":0,"comment_status":"open","ping_status":"open","sticky":false,"template":"","format":"standard","meta":{"site-sidebar-layout":"default","site-content-layout":"","ast-site-content-layout":"","site-content-style":"default","site-sidebar-style":"default","ast-global-header-display":"","ast-banner-title-visibility":"","ast-main-header-display":"","ast-hfb-above-header-display":"","ast-hfb-below-header-display":"","ast-hfb-mobile-header-display":"","site-post-title":"","ast-breadcrumbs-content":"","ast-featured-img":"","footer-sml-layout":"","theme-transparent-header-meta":"","adv-header-id-meta":"","stick-header-meta":"","header-above-stick-meta":"","header-main-stick-meta":"","header-below-stick-meta":"","astra-migrate-meta-layouts":"default","ast-page-background-enabled":"default","ast-page-background-meta":{"desktop":{"background-color":"var(--ast-global-color-4)","background-image":"","background-repeat":"repeat","background-position":"center center","background-size":"auto","background-attachment":"scroll","background-type":"","background-media":"","overlay-type":"","overlay-color":"","overlay-gradient":""},"tablet":{"background-color":"","background-image":"","background-repeat":"repeat","background-position":"center center","background-size":"auto","background-attachment":"scroll","background-type":"","background-media":"","overlay-type":"","overlay-color":"","overlay-gradient":""},"mobile":{"background-color":"","background-image":"","background-repeat":"repeat","background-position":"center center","background-size":"auto","background-attachment":"scroll","background-type":"","background-media":"","overlay-type":"","overlay-color":"","overlay-gradient":""}},"ast-content-background-meta":{"desktop":{"background-color":"var(--ast-global-color-5)","background-image":"","background-repeat":"repeat","background-position":"center center","background-size":"auto","background-attachment":"scroll","background-type":"","background-media":"","overlay-type":"","overlay-color":"","overlay-gradient":""},"tablet":{"background-color":"var(--ast-global-color-5)","background-image":"","background-repeat":"repeat","background-position":"center center","background-size":"auto","background-attachment":"scroll","background-type":"","background-media":"","overlay-type":"","overlay-color":"","overlay-gradient":""},"mobile":{"background-color":"var(--ast-global-color-5)","background-image":"","background-repeat":"repeat","background-position":"center center","background-size":"auto","background-attachment":"scroll","background-type":"","background-media":"","overlay-type":"","overlay-color":"","overlay-gradient":""}},"footnotes":""},"categories":[922,11825,35,9,435,7395],"tags":[74535,27602,11390,259094,40398,60031],"class_list":["post-144329","post","type-post","status-publish","format-standard","hentry","category-antropologia-fisica","category-antropometria-y-antropologia-forense","category-ciencias-de-la-vida","category-ciencias-medicas","category-medicina-del-trabajo","category-salud-laboral","tag-criado-del-rio-m-teresa","tag-fernando-alejo-verdu-pascual","tag-gisbert-calabuig-juan-antonio","tag-ignacio-serra-nogues","tag-jose-maria-salinas-Martinez-de-lecea","tag-maria-emilia-lachica-lopez"],"_links":{"self":[{"href":"https:\/\/www.deberes.net\/tesis\/wp-json\/wp\/v2\/posts\/144329","targetHints":{"allow":["GET"]}}],"collection":[{"href":"https:\/\/www.deberes.net\/tesis\/wp-json\/wp\/v2\/posts"}],"about":[{"href":"https:\/\/www.deberes.net\/tesis\/wp-json\/wp\/v2\/types\/post"}],"author":[{"embeddable":true,"href":"https:\/\/www.deberes.net\/tesis\/wp-json\/wp\/v2\/users\/1"}],"replies":[{"embeddable":true,"href":"https:\/\/www.deberes.net\/tesis\/wp-json\/wp\/v2\/comments?post=144329"}],"version-history":[{"count":0,"href":"https:\/\/www.deberes.net\/tesis\/wp-json\/wp\/v2\/posts\/144329\/revisions"}],"wp:attachment":[{"href":"https:\/\/www.deberes.net\/tesis\/wp-json\/wp\/v2\/media?parent=144329"}],"wp:term":[{"taxonomy":"category","embeddable":true,"href":"https:\/\/www.deberes.net\/tesis\/wp-json\/wp\/v2\/categories?post=144329"},{"taxonomy":"post_tag","embeddable":true,"href":"https:\/\/www.deberes.net\/tesis\/wp-json\/wp\/v2\/tags?post=144329"}],"curies":[{"name":"wp","href":"https:\/\/api.w.org\/{rel}","templated":true}]}}