{"id":144359,"date":"1993-01-01T00:00:00","date_gmt":"1993-01-01T00:00:00","guid":{"rendered":"https:\/\/www.deberes.net\/tesis\/sin-categoria\/aspectos-psicosociales-comprometidos-en-la-adaptacion-de-inmigrantes\/"},"modified":"1993-01-01T00:00:00","modified_gmt":"1993-01-01T00:00:00","slug":"aspectos-psicosociales-comprometidos-en-la-adaptacion-de-inmigrantes","status":"publish","type":"post","link":"https:\/\/www.deberes.net\/tesis\/psicologia\/aspectos-psicosociales-comprometidos-en-la-adaptacion-de-inmigrantes\/","title":{"rendered":"Aspectos psicosociales comprometidos en la adaptacion de inmigrantes."},"content":{"rendered":"<h2>Tesis doctoral de <strong> Edelia Villarroya Soler <\/strong><\/h2>\n<p>Intentamos descubrir el \u00abcambio\u00bb que se presupone inherente al proceso de aculturacion. Nuestro objetivo es dilucidar los efectos que posee un contexto ecologico-cultural determinado sobre las caracteristicas psicologicas de los emigrantes que residen en el.  especialmente relevante es la consideracion del parametro de especificidad-generalidad propugnado por el modelo de parametros de pelechano. Tambien nos adscribimos al modelo de aculturacion propuesto por berry.  a partir de este trabajo se observa que el contexto en el que reside el emigrante incide en la aculturacion de unas y no otras variables de personalidad. Tambien se observa que son las variables intra-personales las que mas discriminan entre emigrantes y autoctonos y no las socio-actitudinales.<\/p>\n<p>&nbsp;<\/p>\n<h3>Datos acad\u00e9micos de la tesis doctoral \u00ab<strong>Aspectos psicosociales comprometidos en la adaptacion de inmigrantes.<\/strong>\u00ab<\/h3>\n<ul>\n<li><strong>T\u00edtulo de la tesis:<\/strong>\u00a0 Aspectos psicosociales comprometidos en la adaptacion de inmigrantes. <\/li>\n<li><strong>Autor:<\/strong>\u00a0 Edelia Villarroya Soler <\/li>\n<li><strong>Universidad:<\/strong>\u00a0 Universitat de val\u00e9ncia (estudi general)<\/li>\n<li><strong>Fecha de lectura de la tesis:<\/strong>\u00a0 01\/01\/1993<\/li>\n<\/ul>\n<p>&nbsp;<\/p>\n<h3>Direcci\u00f3n y tribunal<\/h3>\n<ul>\n<li><strong>Director de la tesis<\/strong>\n<ul>\n<li>Mar\u00eda  Jos\u00e9 B\u00e1guena Puigcerver<\/li>\n<\/ul>\n<\/li>\n<li><strong>Tribunal<\/strong>\n<ul>\n<li>Presidente del tribunal: Vicente Pelechano Barbera <\/li>\n<li> Pascual Llobell Juan  Pascual (vocal)<\/li>\n<li>Gonzalo Serrano Mart\u00ednez (vocal)<\/li>\n<li>Yolanda Andreu Vaillo (vocal)<\/li>\n<\/ul>\n<\/li>\n<\/ul>\n<p>&nbsp;<\/p>\n","protected":false},"excerpt":{"rendered":"<p>Tesis doctoral de Edelia Villarroya Soler Intentamos descubrir el \u00abcambio\u00bb que se presupone inherente al proceso de aculturacion. Nuestro objetivo [&hellip;]<\/p>\n","protected":false},"author":1,"featured_media":0,"comment_status":"open","ping_status":"open","sticky":false,"template":"","format":"standard","meta":{"site-sidebar-layout":"default","site-content-layout":"","ast-site-content-layout":"","site-content-style":"default","site-sidebar-style":"default","ast-global-header-display":"","ast-banner-title-visibility":"","ast-main-header-display":"","ast-hfb-above-header-display":"","ast-hfb-below-header-display":"","ast-hfb-mobile-header-display":"","site-post-title":"","ast-breadcrumbs-content":"","ast-featured-img":"","footer-sml-layout":"","theme-transparent-header-meta":"","adv-header-id-meta":"","stick-header-meta":"","header-above-stick-meta":"","header-main-stick-meta":"","header-below-stick-meta":"","astra-migrate-meta-layouts":"default","ast-page-background-enabled":"default","ast-page-background-meta":{"desktop":{"background-color":"var(--ast-global-color-4)","background-image":"","background-repeat":"repeat","background-position":"center center","background-size":"auto","background-attachment":"scroll","background-type":"","background-media":"","overlay-type":"","overlay-color":"","overlay-gradient":""},"tablet":{"background-color":"","background-image":"","background-repeat":"repeat","background-position":"center center","background-size":"auto","background-attachment":"scroll","background-type":"","background-media":"","overlay-type":"","overlay-color":"","overlay-gradient":""},"mobile":{"background-color":"","background-image":"","background-repeat":"repeat","background-position":"center center","background-size":"auto","background-attachment":"scroll","background-type":"","background-media":"","overlay-type":"","overlay-color":"","overlay-gradient":""}},"ast-content-background-meta":{"desktop":{"background-color":"var(--ast-global-color-5)","background-image":"","background-repeat":"repeat","background-position":"center center","background-size":"auto","background-attachment":"scroll","background-type":"","background-media":"","overlay-type":"","overlay-color":"","overlay-gradient":""},"tablet":{"background-color":"var(--ast-global-color-5)","background-image":"","background-repeat":"repeat","background-position":"center center","background-size":"auto","background-attachment":"scroll","background-type":"","background-media":"","overlay-type":"","overlay-color":"","overlay-gradient":""},"mobile":{"background-color":"var(--ast-global-color-5)","background-image":"","background-repeat":"repeat","background-position":"center center","background-size":"auto","background-attachment":"scroll","background-type":"","background-media":"","overlay-type":"","overlay-color":"","overlay-gradient":""}},"footnotes":""},"categories":[11004,6025,6024,6894,324],"tags":[194668,2631,45721,259127,26062,120536],"class_list":["post-144359","post","type-post","status-publish","format-standard","hentry","category-cultura-y-personalidad","category-estudio-psicologico-de-cuestiones-sociales","category-fenomenos-de-grupos-minoritarios","category-personalidad","category-psicologia","tag-edelia-villarroya-soler","tag-gonzalo-serrano-Martinez","tag-maria-jose-baguena-puigcerver","tag-pascual-llobell-juan-pascual","tag-vicente-pelechano-barbera","tag-yolanda-andreu-vaillo"],"_links":{"self":[{"href":"https:\/\/www.deberes.net\/tesis\/wp-json\/wp\/v2\/posts\/144359","targetHints":{"allow":["GET"]}}],"collection":[{"href":"https:\/\/www.deberes.net\/tesis\/wp-json\/wp\/v2\/posts"}],"about":[{"href":"https:\/\/www.deberes.net\/tesis\/wp-json\/wp\/v2\/types\/post"}],"author":[{"embeddable":true,"href":"https:\/\/www.deberes.net\/tesis\/wp-json\/wp\/v2\/users\/1"}],"replies":[{"embeddable":true,"href":"https:\/\/www.deberes.net\/tesis\/wp-json\/wp\/v2\/comments?post=144359"}],"version-history":[{"count":0,"href":"https:\/\/www.deberes.net\/tesis\/wp-json\/wp\/v2\/posts\/144359\/revisions"}],"wp:attachment":[{"href":"https:\/\/www.deberes.net\/tesis\/wp-json\/wp\/v2\/media?parent=144359"}],"wp:term":[{"taxonomy":"category","embeddable":true,"href":"https:\/\/www.deberes.net\/tesis\/wp-json\/wp\/v2\/categories?post=144359"},{"taxonomy":"post_tag","embeddable":true,"href":"https:\/\/www.deberes.net\/tesis\/wp-json\/wp\/v2\/tags?post=144359"}],"curies":[{"name":"wp","href":"https:\/\/api.w.org\/{rel}","templated":true}]}}