{"id":144375,"date":"1993-01-01T00:00:00","date_gmt":"1993-01-01T00:00:00","guid":{"rendered":"https:\/\/www.deberes.net\/tesis\/sin-categoria\/medicina-paliativa-necesidades-psicosociales-del-enfermo-oncologico-en-situacion-terminal\/"},"modified":"1993-01-01T00:00:00","modified_gmt":"1993-01-01T00:00:00","slug":"medicina-paliativa-necesidades-psicosociales-del-enfermo-oncologico-en-situacion-terminal","status":"publish","type":"post","link":"https:\/\/www.deberes.net\/tesis\/ciencias-medicas\/medicina-paliativa-necesidades-psicosociales-del-enfermo-oncologico-en-situacion-terminal\/","title":{"rendered":"Medicina paliativa. necesidades psicosociales del enfermo oncologico en situacion terminal."},"content":{"rendered":"<h2>Tesis doctoral de <strong> Carlos Centeno Cortes <\/strong><\/h2>\n<p>En el presente trabajo se estudian algunos aspectos psicosociales de la situacion terminal del cancer, desde el punto de vista del propio enfermo. Con un instrumento dise\u00f1ado para la investigacion, que fue denominado \u00abcuestionario de bienestar psicosocial (bps)\u00bb, se estudia el grado de satisfaccion de las necesidades psicosociales del enfermo: la comunicacion, la informacion sobre el diagnostico, la satisfaccion ante la atencion recibida, la confianza en el tratamiento, la seguridad en un medico de referencia y diversos aspectos emocionales de la situacion terminal.  mediante los estudios comparativos realizados en una muestra de 100 (cien) enfermos de cancer terminal, se analiza la influencia del conocimiento del diagnostico, del modelo de atencion basado en la filosofia de los cuidados paliativos (35 de los enfermos estudiados se encontraban ingresados en una unidad de cuidados paliativos), y las alteraciones determinadas por el propio avance de la enfermedad. Tambien se completa el estudio con una serie de observaciones clinicas sobre la situacion emocional del paciente.<\/p>\n<p>&nbsp;<\/p>\n<h3>Datos acad\u00e9micos de la tesis doctoral \u00ab<strong>Medicina paliativa. necesidades psicosociales del enfermo oncologico en situacion terminal.<\/strong>\u00ab<\/h3>\n<ul>\n<li><strong>T\u00edtulo de la tesis:<\/strong>\u00a0 Medicina paliativa. necesidades psicosociales del enfermo oncologico en situacion terminal. <\/li>\n<li><strong>Autor:<\/strong>\u00a0 Carlos Centeno Cortes <\/li>\n<li><strong>Universidad:<\/strong>\u00a0 Valladolid<\/li>\n<li><strong>Fecha de lectura de la tesis:<\/strong>\u00a0 01\/01\/1993<\/li>\n<\/ul>\n<p>&nbsp;<\/p>\n<h3>Direcci\u00f3n y tribunal<\/h3>\n<ul>\n<li><strong>Director de la tesis<\/strong>\n<ul>\n<li>Pelegrin Martinez Baza<\/li>\n<\/ul>\n<\/li>\n<li><strong>Tribunal<\/strong>\n<ul>\n<li>Presidente del tribunal: Jos\u00e9 Delf\u00edn Villala\u00edn Blanco <\/li>\n<li>Jaime Sanz Ortiz (vocal)<\/li>\n<li>Manuel Rodr\u00edguez Pazos (vocal)<\/li>\n<li>Nieves Lopez Fernandez (vocal)<\/li>\n<\/ul>\n<\/li>\n<\/ul>\n<p>&nbsp;<\/p>\n","protected":false},"excerpt":{"rendered":"<p>Tesis doctoral de Carlos Centeno Cortes En el presente trabajo se estudian algunos aspectos psicosociales de la situacion terminal del [&hellip;]<\/p>\n","protected":false},"author":1,"featured_media":0,"comment_status":"open","ping_status":"open","sticky":false,"template":"","format":"standard","meta":{"site-sidebar-layout":"default","site-content-layout":"","ast-site-content-layout":"","site-content-style":"default","site-sidebar-style":"default","ast-global-header-display":"","ast-banner-title-visibility":"","ast-main-header-display":"","ast-hfb-above-header-display":"","ast-hfb-below-header-display":"","ast-hfb-mobile-header-display":"","site-post-title":"","ast-breadcrumbs-content":"","ast-featured-img":"","footer-sml-layout":"","theme-transparent-header-meta":"","adv-header-id-meta":"","stick-header-meta":"","header-above-stick-meta":"","header-main-stick-meta":"","header-below-stick-meta":"","astra-migrate-meta-layouts":"default","ast-page-background-enabled":"default","ast-page-background-meta":{"desktop":{"background-color":"var(--ast-global-color-4)","background-image":"","background-repeat":"repeat","background-position":"center center","background-size":"auto","background-attachment":"scroll","background-type":"","background-media":"","overlay-type":"","overlay-color":"","overlay-gradient":""},"tablet":{"background-color":"","background-image":"","background-repeat":"repeat","background-position":"center center","background-size":"auto","background-attachment":"scroll","background-type":"","background-media":"","overlay-type":"","overlay-color":"","overlay-gradient":""},"mobile":{"background-color":"","background-image":"","background-repeat":"repeat","background-position":"center center","background-size":"auto","background-attachment":"scroll","background-type":"","background-media":"","overlay-type":"","overlay-color":"","overlay-gradient":""}},"ast-content-background-meta":{"desktop":{"background-color":"var(--ast-global-color-5)","background-image":"","background-repeat":"repeat","background-position":"center center","background-size":"auto","background-attachment":"scroll","background-type":"","background-media":"","overlay-type":"","overlay-color":"","overlay-gradient":""},"tablet":{"background-color":"var(--ast-global-color-5)","background-image":"","background-repeat":"repeat","background-position":"center center","background-size":"auto","background-attachment":"scroll","background-type":"","background-media":"","overlay-type":"","overlay-color":"","overlay-gradient":""},"mobile":{"background-color":"var(--ast-global-color-5)","background-image":"","background-repeat":"repeat","background-position":"center center","background-size":"auto","background-attachment":"scroll","background-type":"","background-media":"","overlay-type":"","overlay-color":"","overlay-gradient":""}},"footnotes":""},"categories":[155,9,25911,347,12451],"tags":[42742,26277,5868,407,173746,7398],"class_list":["post-144375","post","type-post","status-publish","format-standard","hentry","category-ciencias-clinicas","category-ciencias-medicas","category-medicina-paliativa","category-oncologia-clinica","category-valladolid","tag-carlos-centeno-cortes","tag-jaime-sanz-ortiz","tag-jose-delfin-villalain-blanco","tag-manuel-rodriguez-pazos","tag-nieves-lopez-fernandez","tag-pelegrin-Martinez-baza"],"_links":{"self":[{"href":"https:\/\/www.deberes.net\/tesis\/wp-json\/wp\/v2\/posts\/144375","targetHints":{"allow":["GET"]}}],"collection":[{"href":"https:\/\/www.deberes.net\/tesis\/wp-json\/wp\/v2\/posts"}],"about":[{"href":"https:\/\/www.deberes.net\/tesis\/wp-json\/wp\/v2\/types\/post"}],"author":[{"embeddable":true,"href":"https:\/\/www.deberes.net\/tesis\/wp-json\/wp\/v2\/users\/1"}],"replies":[{"embeddable":true,"href":"https:\/\/www.deberes.net\/tesis\/wp-json\/wp\/v2\/comments?post=144375"}],"version-history":[{"count":0,"href":"https:\/\/www.deberes.net\/tesis\/wp-json\/wp\/v2\/posts\/144375\/revisions"}],"wp:attachment":[{"href":"https:\/\/www.deberes.net\/tesis\/wp-json\/wp\/v2\/media?parent=144375"}],"wp:term":[{"taxonomy":"category","embeddable":true,"href":"https:\/\/www.deberes.net\/tesis\/wp-json\/wp\/v2\/categories?post=144375"},{"taxonomy":"post_tag","embeddable":true,"href":"https:\/\/www.deberes.net\/tesis\/wp-json\/wp\/v2\/tags?post=144375"}],"curies":[{"name":"wp","href":"https:\/\/api.w.org\/{rel}","templated":true}]}}