{"id":144381,"date":"1993-01-01T00:00:00","date_gmt":"1993-01-01T00:00:00","guid":{"rendered":"https:\/\/www.deberes.net\/tesis\/sin-categoria\/residencias-reales-de-los-reyes-catolicos-edificios-jardines-y-bosques\/"},"modified":"1993-01-01T00:00:00","modified_gmt":"1993-01-01T00:00:00","slug":"residencias-reales-de-los-reyes-catolicos-edificios-jardines-y-bosques","status":"publish","type":"post","link":"https:\/\/www.deberes.net\/tesis\/historia\/residencias-reales-de-los-reyes-catolicos-edificios-jardines-y-bosques\/","title":{"rendered":"Residencias reales de los reyes catolicos: edificios, jardines y bosques"},"content":{"rendered":"<h2>Tesis doctoral de <strong> Rafael Dominguez Casas <\/strong><\/h2>\n<p>Se ha estudiado de forma exhaustiva el arte de corte de los reyes catolicos. Comenzando por recopilar documentalmente las biografias de todos los artistas que sirvieron a sus ordenes, incluyendo los compositores de las capillas musicales a continuacion se analiza el ceremonial cortesano castellano-aragones en relacion con la tipolog\u00eda palacial. Seguidamente se hace un estudio pormenorizado de cada palacio, fortaleza, aposento monastico o palacete de caza que fue habitado por los reyes catolicos, tanto en los territorios espa\u00f1oles como en el reino aragones de napoles. Completa el trabajo un estudio de los palacios que poseia felipe i de castilla en los paises bajos aqui se hace un analisis pormenorizado de la etiqueta borgo\u00f1ona entonces la mas prestigiosa de europa, que sirve para regir la casa (hotel) de felipe i, de carlos v y desde 1548 de felipe ii. Finalmente se aborda el estudio de los reyes de armas, heraldos y persevantes, para terminar con el estudio de la genesis heraldica de la monarquia espa\u00f1ola, con sus divisas, lemas y siglas, tanto de espa\u00f1a como de borgo\u00f1a.<\/p>\n<p>&nbsp;<\/p>\n<h3>Datos acad\u00e9micos de la tesis doctoral \u00ab<strong>Residencias reales de los reyes catolicos: edificios, jardines y bosques<\/strong>\u00ab<\/h3>\n<ul>\n<li><strong>T\u00edtulo de la tesis:<\/strong>\u00a0 Residencias reales de los reyes catolicos: edificios, jardines y bosques <\/li>\n<li><strong>Autor:<\/strong>\u00a0 Rafael Dominguez Casas <\/li>\n<li><strong>Universidad:<\/strong>\u00a0 Valladolid<\/li>\n<li><strong>Fecha de lectura de la tesis:<\/strong>\u00a0 01\/01\/1993<\/li>\n<\/ul>\n<p>&nbsp;<\/p>\n<h3>Direcci\u00f3n y tribunal<\/h3>\n<ul>\n<li><strong>Director de la tesis<\/strong>\n<ul>\n<li> Martin Gonzalez Juan  Jose<\/li>\n<\/ul>\n<\/li>\n<li><strong>Tribunal<\/strong>\n<ul>\n<li>Presidente del tribunal: Salvador Andr\u00e9s Ordax <\/li>\n<li> Brasas Egido Jos\u00e9 Carlos (vocal)<\/li>\n<li>Jes\u00fas Mar\u00eda Caama\u00f1o Martinez (vocal)<\/li>\n<li>Javier Rivera Blanco (vocal)<\/li>\n<\/ul>\n<\/li>\n<\/ul>\n<p>&nbsp;<\/p>\n","protected":false},"excerpt":{"rendered":"<p>Tesis doctoral de Rafael Dominguez Casas Se ha estudiado de forma exhaustiva el arte de corte de los reyes catolicos. [&hellip;]<\/p>\n","protected":false},"author":1,"featured_media":0,"comment_status":"open","ping_status":"open","sticky":false,"template":"","format":"standard","meta":{"site-sidebar-layout":"default","site-content-layout":"","ast-site-content-layout":"","site-content-style":"default","site-sidebar-style":"default","ast-global-header-display":"","ast-banner-title-visibility":"","ast-main-header-display":"","ast-hfb-above-header-display":"","ast-hfb-below-header-display":"","ast-hfb-mobile-header-display":"","site-post-title":"","ast-breadcrumbs-content":"","ast-featured-img":"","footer-sml-layout":"","theme-transparent-header-meta":"","adv-header-id-meta":"","stick-header-meta":"","header-above-stick-meta":"","header-main-stick-meta":"","header-below-stick-meta":"","astra-migrate-meta-layouts":"default","ast-page-background-enabled":"default","ast-page-background-meta":{"desktop":{"background-color":"var(--ast-global-color-4)","background-image":"","background-repeat":"repeat","background-position":"center center","background-size":"auto","background-attachment":"scroll","background-type":"","background-media":"","overlay-type":"","overlay-color":"","overlay-gradient":""},"tablet":{"background-color":"","background-image":"","background-repeat":"repeat","background-position":"center center","background-size":"auto","background-attachment":"scroll","background-type":"","background-media":"","overlay-type":"","overlay-color":"","overlay-gradient":""},"mobile":{"background-color":"","background-image":"","background-repeat":"repeat","background-position":"center center","background-size":"auto","background-attachment":"scroll","background-type":"","background-media":"","overlay-type":"","overlay-color":"","overlay-gradient":""}},"ast-content-background-meta":{"desktop":{"background-color":"var(--ast-global-color-5)","background-image":"","background-repeat":"repeat","background-position":"center center","background-size":"auto","background-attachment":"scroll","background-type":"","background-media":"","overlay-type":"","overlay-color":"","overlay-gradient":""},"tablet":{"background-color":"var(--ast-global-color-5)","background-image":"","background-repeat":"repeat","background-position":"center center","background-size":"auto","background-attachment":"scroll","background-type":"","background-media":"","overlay-type":"","overlay-color":"","overlay-gradient":""},"mobile":{"background-color":"var(--ast-global-color-5)","background-image":"","background-repeat":"repeat","background-position":"center center","background-size":"auto","background-attachment":"scroll","background-type":"","background-media":"","overlay-type":"","overlay-color":"","overlay-gradient":""}},"footnotes":""},"categories":[104,1014,222,12451],"tags":[9478,12609,2984,12567,259147,19582],"class_list":["post-144381","post","type-post","status-publish","format-standard","hentry","category-historia","category-historia-del-arte","category-historias-especializadas","category-valladolid","tag-brasas-egido-jose-carlos","tag-javier-rivera-blanco","tag-jesus-maria-caamano-Martinez","tag-martin-gonzalez-juan-jose","tag-rafael-dominguez-casas","tag-salvador-andres-ordax"],"_links":{"self":[{"href":"https:\/\/www.deberes.net\/tesis\/wp-json\/wp\/v2\/posts\/144381","targetHints":{"allow":["GET"]}}],"collection":[{"href":"https:\/\/www.deberes.net\/tesis\/wp-json\/wp\/v2\/posts"}],"about":[{"href":"https:\/\/www.deberes.net\/tesis\/wp-json\/wp\/v2\/types\/post"}],"author":[{"embeddable":true,"href":"https:\/\/www.deberes.net\/tesis\/wp-json\/wp\/v2\/users\/1"}],"replies":[{"embeddable":true,"href":"https:\/\/www.deberes.net\/tesis\/wp-json\/wp\/v2\/comments?post=144381"}],"version-history":[{"count":0,"href":"https:\/\/www.deberes.net\/tesis\/wp-json\/wp\/v2\/posts\/144381\/revisions"}],"wp:attachment":[{"href":"https:\/\/www.deberes.net\/tesis\/wp-json\/wp\/v2\/media?parent=144381"}],"wp:term":[{"taxonomy":"category","embeddable":true,"href":"https:\/\/www.deberes.net\/tesis\/wp-json\/wp\/v2\/categories?post=144381"},{"taxonomy":"post_tag","embeddable":true,"href":"https:\/\/www.deberes.net\/tesis\/wp-json\/wp\/v2\/tags?post=144381"}],"curies":[{"name":"wp","href":"https:\/\/api.w.org\/{rel}","templated":true}]}}