{"id":144417,"date":"1993-01-01T00:00:00","date_gmt":"1993-01-01T00:00:00","guid":{"rendered":"https:\/\/www.deberes.net\/tesis\/sin-categoria\/la-educacion-en-libertad-y-el-concierto-escolar\/"},"modified":"1993-01-01T00:00:00","modified_gmt":"1993-01-01T00:00:00","slug":"la-educacion-en-libertad-y-el-concierto-escolar","status":"publish","type":"post","link":"https:\/\/www.deberes.net\/tesis\/ciencias-juridicas-y-derecho\/la-educacion-en-libertad-y-el-concierto-escolar\/","title":{"rendered":"La educacion en libertad y el concierto escolar."},"content":{"rendered":"<h2>Tesis doctoral de <strong>  Mozos Touya Isabel De Los <\/strong><\/h2>\n<p>La tesis analiza la figura del concierto escolar previsto por la ley organica del derecho a la educacion en 1985.  su objeto se centra en cuestionar la idoneidad de este instrumento juridico-administrativo en cuanto cauce de efectividad del derecho a la gratuidad de la educacion basica y obligatoria en libertad.  la primera parte del trabajo consiste en una exposicion de los presupuestos constitucionales de la intervencion publica en el sector social de la educacion estudiando la naturaleza esencialmente libre de la actividad educativa y su estrecha vinculacion con las libertades del espiritu que resulta avalada por el analisis que se hace seguidamente del contenido esencial del derecho a la educacion y de la libertad de ense\u00f1anza.  en la segunda parte se aborda la naturaleza juridica del concierto escolar, que puede definirse como un contrato publico administrativo especial en favor de tercero. Se analiza despues el alcance del derecho al concierto y sus limites, asi como el regimen de su constitucion, para terminar desarrollando el regimen de sus efectos juridicos.  el trabajo concluye poniendo de manifiesto las deficiencias de este sistema de financiacion articulado por la lode y los puntos de posibles fricciones constitucionales. Al mismo tiempo se apunta la necesidad de abogar por un sistema alternativo, a traves de un cauce juridico que se dirija a financiar directamente a los alumnos o a sus familias.<\/p>\n<p>&nbsp;<\/p>\n<h3>Datos acad\u00e9micos de la tesis doctoral \u00ab<strong>La educacion en libertad y el concierto escolar.<\/strong>\u00ab<\/h3>\n<ul>\n<li><strong>T\u00edtulo de la tesis:<\/strong>\u00a0 La educacion en libertad y el concierto escolar. <\/li>\n<li><strong>Autor:<\/strong>\u00a0  Mozos Touya Isabel De Los <\/li>\n<li><strong>Universidad:<\/strong>\u00a0 Valladolid<\/li>\n<li><strong>Fecha de lectura de la tesis:<\/strong>\u00a0 01\/01\/1993<\/li>\n<\/ul>\n<p>&nbsp;<\/p>\n<h3>Direcci\u00f3n y tribunal<\/h3>\n<ul>\n<li><strong>Director de la tesis<\/strong>\n<ul>\n<li>Jos\u00e9 Luis Martinez L\u00f3pez Mu\u00f1iz<\/li>\n<\/ul>\n<\/li>\n<li><strong>Tribunal<\/strong>\n<ul>\n<li>Presidente del tribunal: Jose Ortiz Diaz <\/li>\n<li>Jos\u00e9 Ram\u00f3n Parada V\u00e1zquez (vocal)<\/li>\n<li>Francis Delperee (vocal)<\/li>\n<li>\u00e1ngel Men\u00e9ndez Rexach (vocal)<\/li>\n<\/ul>\n<\/li>\n<\/ul>\n<p>&nbsp;<\/p>\n","protected":false},"excerpt":{"rendered":"<p>Tesis doctoral de Mozos Touya Isabel De Los La tesis analiza la figura del concierto escolar previsto por la ley [&hellip;]<\/p>\n","protected":false},"author":1,"featured_media":0,"comment_status":"open","ping_status":"open","sticky":false,"template":"","format":"standard","meta":{"site-sidebar-layout":"default","site-content-layout":"","ast-site-content-layout":"","site-content-style":"default","site-sidebar-style":"default","ast-global-header-display":"","ast-banner-title-visibility":"","ast-main-header-display":"","ast-hfb-above-header-display":"","ast-hfb-below-header-display":"","ast-hfb-mobile-header-display":"","site-post-title":"","ast-breadcrumbs-content":"","ast-featured-img":"","footer-sml-layout":"","theme-transparent-header-meta":"","adv-header-id-meta":"","stick-header-meta":"","header-above-stick-meta":"","header-main-stick-meta":"","header-below-stick-meta":"","astra-migrate-meta-layouts":"default","ast-page-background-enabled":"default","ast-page-background-meta":{"desktop":{"background-color":"var(--ast-global-color-4)","background-image":"","background-repeat":"repeat","background-position":"center center","background-size":"auto","background-attachment":"scroll","background-type":"","background-media":"","overlay-type":"","overlay-color":"","overlay-gradient":""},"tablet":{"background-color":"","background-image":"","background-repeat":"repeat","background-position":"center center","background-size":"auto","background-attachment":"scroll","background-type":"","background-media":"","overlay-type":"","overlay-color":"","overlay-gradient":""},"mobile":{"background-color":"","background-image":"","background-repeat":"repeat","background-position":"center center","background-size":"auto","background-attachment":"scroll","background-type":"","background-media":"","overlay-type":"","overlay-color":"","overlay-gradient":""}},"ast-content-background-meta":{"desktop":{"background-color":"var(--ast-global-color-5)","background-image":"","background-repeat":"repeat","background-position":"center center","background-size":"auto","background-attachment":"scroll","background-type":"","background-media":"","overlay-type":"","overlay-color":"","overlay-gradient":""},"tablet":{"background-color":"var(--ast-global-color-5)","background-image":"","background-repeat":"repeat","background-position":"center center","background-size":"auto","background-attachment":"scroll","background-type":"","background-media":"","overlay-type":"","overlay-color":"","overlay-gradient":""},"mobile":{"background-color":"var(--ast-global-color-5)","background-image":"","background-repeat":"repeat","background-position":"center center","background-size":"auto","background-attachment":"scroll","background-type":"","background-media":"","overlay-type":"","overlay-color":"","overlay-gradient":""}},"footnotes":""},"categories":[612,1442,979,1184,1141,2845,12451],"tags":[14619,61063,10200,108066,1918,259178],"class_list":["post-144417","post","type-post","status-publish","format-standard","hentry","category-ciencias-juridicas-y-derecho","category-derecho-administrativo","category-derecho-y-legislacion-nacionales","category-organizacion-y-planificacion-de-la-educacion","category-pedagogia","category-planificacion-y-financiacion-de-la-educacion","category-valladolid","tag-angel-menendez-rexach","tag-francis-delperee","tag-jose-luis-Martinez-lopez-muniz","tag-jose-ortiz-diaz","tag-jose-ramon-parada-vazquez","tag-mozos-touya-isabel-de-los"],"_links":{"self":[{"href":"https:\/\/www.deberes.net\/tesis\/wp-json\/wp\/v2\/posts\/144417","targetHints":{"allow":["GET"]}}],"collection":[{"href":"https:\/\/www.deberes.net\/tesis\/wp-json\/wp\/v2\/posts"}],"about":[{"href":"https:\/\/www.deberes.net\/tesis\/wp-json\/wp\/v2\/types\/post"}],"author":[{"embeddable":true,"href":"https:\/\/www.deberes.net\/tesis\/wp-json\/wp\/v2\/users\/1"}],"replies":[{"embeddable":true,"href":"https:\/\/www.deberes.net\/tesis\/wp-json\/wp\/v2\/comments?post=144417"}],"version-history":[{"count":0,"href":"https:\/\/www.deberes.net\/tesis\/wp-json\/wp\/v2\/posts\/144417\/revisions"}],"wp:attachment":[{"href":"https:\/\/www.deberes.net\/tesis\/wp-json\/wp\/v2\/media?parent=144417"}],"wp:term":[{"taxonomy":"category","embeddable":true,"href":"https:\/\/www.deberes.net\/tesis\/wp-json\/wp\/v2\/categories?post=144417"},{"taxonomy":"post_tag","embeddable":true,"href":"https:\/\/www.deberes.net\/tesis\/wp-json\/wp\/v2\/tags?post=144417"}],"curies":[{"name":"wp","href":"https:\/\/api.w.org\/{rel}","templated":true}]}}