{"id":144434,"date":"1993-01-01T00:00:00","date_gmt":"1993-01-01T00:00:00","guid":{"rendered":"https:\/\/www.deberes.net\/tesis\/sin-categoria\/la-perspectiva-socioeconomica-en-el-analisis-de-la-fecundidad-status-economico-relativo-y-ciclos-demograficos\/"},"modified":"1993-01-01T00:00:00","modified_gmt":"1993-01-01T00:00:00","slug":"la-perspectiva-socioeconomica-en-el-analisis-de-la-fecundidad-status-economico-relativo-y-ciclos-demograficos","status":"publish","type":"post","link":"https:\/\/www.deberes.net\/tesis\/demografia\/la-perspectiva-socioeconomica-en-el-analisis-de-la-fecundidad-status-economico-relativo-y-ciclos-demograficos\/","title":{"rendered":"La perspectiva socioeconomica en el analisis de la fecundidad: status economico relativo y ciclos demograficos"},"content":{"rendered":"<h2>Tesis doctoral de <strong> Carmen Rodriguez Sumaza <\/strong><\/h2>\n<p>El trabajo de investigacion se centra en el estudio de la aportacion global a la teoria demografica del economista y demografo norteamericano richard easterlin. Su obra es interpretada como una sintesis conciliadora de los tradicionales enfoques sociologico y economico en torno a la fecundidad, y como tal se argumenta sobre su mayor capacidad explicativa. La validez de la propuesta teorica de easterlin ha sido sometida a prueba en numerosas ocasiones y contextos con desiguales resultados. Se procede en este trabajo de investigacion a una contrastacion empirica que establezca la capacidad de la hipotesis de la renta relativa de explicar la singular trayectoria de la fecundidad espa\u00f1ola a partir de 1950.  la metodolog\u00eda estadistica empleada en el test de granger. Una vez confirmado para el caso espa\u00f1ol la existencia de una relacion causal entre el status economico relativo y la fecundidad, se efectua un ejercicio de prediccion de esta ultima variable al horizonte temporal 2005.<\/p>\n<p>&nbsp;<\/p>\n<h3>Datos acad\u00e9micos de la tesis doctoral \u00ab<strong>La perspectiva socioeconomica en el analisis de la fecundidad: status economico relativo y ciclos demograficos<\/strong>\u00ab<\/h3>\n<ul>\n<li><strong>T\u00edtulo de la tesis:<\/strong>\u00a0 La perspectiva socioeconomica en el analisis de la fecundidad: status economico relativo y ciclos demograficos <\/li>\n<li><strong>Autor:<\/strong>\u00a0 Carmen Rodriguez Sumaza <\/li>\n<li><strong>Universidad:<\/strong>\u00a0 Valladolid<\/li>\n<li><strong>Fecha de lectura de la tesis:<\/strong>\u00a0 01\/01\/1993<\/li>\n<\/ul>\n<p>&nbsp;<\/p>\n<h3>Direcci\u00f3n y tribunal<\/h3>\n<ul>\n<li><strong>Director de la tesis<\/strong>\n<ul>\n<li>Juan Salcedo Martinez<\/li>\n<\/ul>\n<\/li>\n<li><strong>Tribunal<\/strong>\n<ul>\n<li>Presidente del tribunal:  Oltra Y M. De Los Santos Benjamin <\/li>\n<li>Jos\u00e9 Luis Garcia Delgado (vocal)<\/li>\n<li>Ricardo Montoro Romero (vocal)<\/li>\n<li>Eduardo Fernandez Gijon (vocal)<\/li>\n<\/ul>\n<\/li>\n<\/ul>\n<p>&nbsp;<\/p>\n","protected":false},"excerpt":{"rendered":"<p>Tesis doctoral de Carmen Rodriguez Sumaza El trabajo de investigacion se centra en el estudio de la aportacion global a [&hellip;]<\/p>\n","protected":false},"author":1,"featured_media":0,"comment_status":"open","ping_status":"open","sticky":false,"template":"","format":"standard","meta":{"site-sidebar-layout":"default","site-content-layout":"","ast-site-content-layout":"","site-content-style":"default","site-sidebar-style":"default","ast-global-header-display":"","ast-banner-title-visibility":"","ast-main-header-display":"","ast-hfb-above-header-display":"","ast-hfb-below-header-display":"","ast-hfb-mobile-header-display":"","site-post-title":"","ast-breadcrumbs-content":"","ast-featured-img":"","footer-sml-layout":"","theme-transparent-header-meta":"","adv-header-id-meta":"","stick-header-meta":"","header-above-stick-meta":"","header-main-stick-meta":"","header-below-stick-meta":"","astra-migrate-meta-layouts":"default","ast-page-background-enabled":"default","ast-page-background-meta":{"desktop":{"background-color":"var(--ast-global-color-4)","background-image":"","background-repeat":"repeat","background-position":"center center","background-size":"auto","background-attachment":"scroll","background-type":"","background-media":"","overlay-type":"","overlay-color":"","overlay-gradient":""},"tablet":{"background-color":"","background-image":"","background-repeat":"repeat","background-position":"center center","background-size":"auto","background-attachment":"scroll","background-type":"","background-media":"","overlay-type":"","overlay-color":"","overlay-gradient":""},"mobile":{"background-color":"","background-image":"","background-repeat":"repeat","background-position":"center center","background-size":"auto","background-attachment":"scroll","background-type":"","background-media":"","overlay-type":"","overlay-color":"","overlay-gradient":""}},"ast-content-background-meta":{"desktop":{"background-color":"var(--ast-global-color-5)","background-image":"","background-repeat":"repeat","background-position":"center center","background-size":"auto","background-attachment":"scroll","background-type":"","background-media":"","overlay-type":"","overlay-color":"","overlay-gradient":""},"tablet":{"background-color":"var(--ast-global-color-5)","background-image":"","background-repeat":"repeat","background-position":"center center","background-size":"auto","background-attachment":"scroll","background-type":"","background-media":"","overlay-type":"","overlay-color":"","overlay-gradient":""},"mobile":{"background-color":"var(--ast-global-color-5)","background-image":"","background-repeat":"repeat","background-position":"center center","background-size":"auto","background-attachment":"scroll","background-type":"","background-media":"","overlay-type":"","overlay-color":"","overlay-gradient":""}},"footnotes":""},"categories":[1066,1069,1067,12451],"tags":[207797,186327,6487,4700,259193,167978],"class_list":["post-144434","post","type-post","status-publish","format-standard","hentry","category-demografia","category-esterilidad-y-fecundidad","category-fertilidad","category-valladolid","tag-carmen-rodriguez-sumaza","tag-eduardo-fernandez-gijon","tag-jose-luis-garcia-delgado","tag-juan-salcedo-Martinez","tag-oltra-y-m-de-los-santos-benjamin","tag-ricardo-montoro-romero"],"_links":{"self":[{"href":"https:\/\/www.deberes.net\/tesis\/wp-json\/wp\/v2\/posts\/144434","targetHints":{"allow":["GET"]}}],"collection":[{"href":"https:\/\/www.deberes.net\/tesis\/wp-json\/wp\/v2\/posts"}],"about":[{"href":"https:\/\/www.deberes.net\/tesis\/wp-json\/wp\/v2\/types\/post"}],"author":[{"embeddable":true,"href":"https:\/\/www.deberes.net\/tesis\/wp-json\/wp\/v2\/users\/1"}],"replies":[{"embeddable":true,"href":"https:\/\/www.deberes.net\/tesis\/wp-json\/wp\/v2\/comments?post=144434"}],"version-history":[{"count":0,"href":"https:\/\/www.deberes.net\/tesis\/wp-json\/wp\/v2\/posts\/144434\/revisions"}],"wp:attachment":[{"href":"https:\/\/www.deberes.net\/tesis\/wp-json\/wp\/v2\/media?parent=144434"}],"wp:term":[{"taxonomy":"category","embeddable":true,"href":"https:\/\/www.deberes.net\/tesis\/wp-json\/wp\/v2\/categories?post=144434"},{"taxonomy":"post_tag","embeddable":true,"href":"https:\/\/www.deberes.net\/tesis\/wp-json\/wp\/v2\/tags?post=144434"}],"curies":[{"name":"wp","href":"https:\/\/api.w.org\/{rel}","templated":true}]}}