{"id":144531,"date":"1993-01-01T00:00:00","date_gmt":"1993-01-01T00:00:00","guid":{"rendered":"https:\/\/www.deberes.net\/tesis\/sin-categoria\/una-clasificacion-ahistorica-del-tema-de-la-reflexion-sobre-la-existencia-en-formulas-escritas-e-iconograficas-partiendo-de-la-literatura-sapiencial\/"},"modified":"1993-01-01T00:00:00","modified_gmt":"1993-01-01T00:00:00","slug":"una-clasificacion-ahistorica-del-tema-de-la-reflexion-sobre-la-existencia-en-formulas-escritas-e-iconograficas-partiendo-de-la-literatura-sapiencial","status":"publish","type":"post","link":"https:\/\/www.deberes.net\/tesis\/ciencias-de-las-artes-y-las-letras\/una-clasificacion-ahistorica-del-tema-de-la-reflexion-sobre-la-existencia-en-formulas-escritas-e-iconograficas-partiendo-de-la-literatura-sapiencial\/","title":{"rendered":"\u00abuna clasificacion ahistorica del tema de la reflexion sobre la existencia en formulas escritas e iconograficas, partiendo de la literatura sapiencial\u00bb."},"content":{"rendered":"<h2>Tesis doctoral de <strong> Manuel Angel Garcia Seco <\/strong><\/h2>\n<p>Es un estudio ahistorico en el que se trata de contextuar una serie de imagenes sobre un tema general \u00abla reflexion sobre la existencia\u00bb (los topicos sobre el arte de bien vivir, la vanidad, el tiempo, la hora, las ruinas, la vejez, la muerte, el mas alla y diferentes ideas de inmortalidad religiosa y profana).. Basandonos en la correlacion positiva de la idea de la vanidad recogemos tambien los topicos referidos al papel del arte dentro de este tema. Partimos de la literatura sapiencial, y una comparacion entre arte y literatura.  el metodo seguido es una confrontacion de textos e imagenes, de textos entre si, y de imagenes entre si, e intentamos clasificar un programa iconografico.<\/p>\n<p>&nbsp;<\/p>\n<h3>Datos acad\u00e9micos de la tesis doctoral \u00ab<strong>\u00abuna clasificacion ahistorica del tema de la reflexion sobre la existencia en formulas escritas e iconograficas, partiendo de la literatura sapiencial\u00bb.<\/strong>\u00ab<\/h3>\n<ul>\n<li><strong>T\u00edtulo de la tesis:<\/strong>\u00a0 \u00abuna clasificacion ahistorica del tema de la reflexion sobre la existencia en formulas escritas e iconograficas, partiendo de la literatura sapiencial\u00bb. <\/li>\n<li><strong>Autor:<\/strong>\u00a0 Manuel Angel Garcia Seco <\/li>\n<li><strong>Universidad:<\/strong>\u00a0 Pa\u00eds vasco\/euskal herriko unibertsitatea<\/li>\n<li><strong>Fecha de lectura de la tesis:<\/strong>\u00a0 01\/01\/1993<\/li>\n<\/ul>\n<p>&nbsp;<\/p>\n<h3>Direcci\u00f3n y tribunal<\/h3>\n<ul>\n<li><strong>Director de la tesis<\/strong>\n<ul>\n<li> Tolosa Mar\u00edn Jos\u00e9 Lu\u00eds<\/li>\n<\/ul>\n<\/li>\n<li><strong>Tribunal<\/strong>\n<ul>\n<li>Presidente del tribunal: Manuel Parralo Dorado <\/li>\n<li>Jos\u00e9 Chavete Rodriguez (vocal)<\/li>\n<li>Jos\u00e9 Fuentes Esteve (vocal)<\/li>\n<li> Barredo Cahue Juan  Manuel (vocal)<\/li>\n<\/ul>\n<\/li>\n<\/ul>\n<p>&nbsp;<\/p>\n","protected":false},"excerpt":{"rendered":"<p>Tesis doctoral de Manuel Angel Garcia Seco Es un estudio ahistorico en el que se trata de contextuar una serie [&hellip;]<\/p>\n","protected":false},"author":1,"featured_media":0,"comment_status":"open","ping_status":"open","sticky":false,"template":"","format":"standard","meta":{"site-sidebar-layout":"default","site-content-layout":"","ast-site-content-layout":"","site-content-style":"default","site-sidebar-style":"default","ast-global-header-display":"","ast-banner-title-visibility":"","ast-main-header-display":"","ast-hfb-above-header-display":"","ast-hfb-below-header-display":"","ast-hfb-mobile-header-display":"","site-post-title":"","ast-breadcrumbs-content":"","ast-featured-img":"","footer-sml-layout":"","theme-transparent-header-meta":"","adv-header-id-meta":"","stick-header-meta":"","header-above-stick-meta":"","header-main-stick-meta":"","header-below-stick-meta":"","astra-migrate-meta-layouts":"default","ast-page-background-enabled":"default","ast-page-background-meta":{"desktop":{"background-color":"var(--ast-global-color-4)","background-image":"","background-repeat":"repeat","background-position":"center center","background-size":"auto","background-attachment":"scroll","background-type":"","background-media":"","overlay-type":"","overlay-color":"","overlay-gradient":""},"tablet":{"background-color":"","background-image":"","background-repeat":"repeat","background-position":"center center","background-size":"auto","background-attachment":"scroll","background-type":"","background-media":"","overlay-type":"","overlay-color":"","overlay-gradient":""},"mobile":{"background-color":"","background-image":"","background-repeat":"repeat","background-position":"center center","background-size":"auto","background-attachment":"scroll","background-type":"","background-media":"","overlay-type":"","overlay-color":"","overlay-gradient":""}},"ast-content-background-meta":{"desktop":{"background-color":"var(--ast-global-color-5)","background-image":"","background-repeat":"repeat","background-position":"center center","background-size":"auto","background-attachment":"scroll","background-type":"","background-media":"","overlay-type":"","overlay-color":"","overlay-gradient":""},"tablet":{"background-color":"var(--ast-global-color-5)","background-image":"","background-repeat":"repeat","background-position":"center center","background-size":"auto","background-attachment":"scroll","background-type":"","background-media":"","overlay-type":"","overlay-color":"","overlay-gradient":""},"mobile":{"background-color":"var(--ast-global-color-5)","background-image":"","background-repeat":"repeat","background-position":"center center","background-size":"auto","background-attachment":"scroll","background-type":"","background-media":"","overlay-type":"","overlay-color":"","overlay-gradient":""}},"footnotes":""},"categories":[147,4100,12909,1111],"tags":[39745,6495,6788,230179,6562,7360],"class_list":["post-144531","post","type-post","status-publish","format-standard","hentry","category-ciencias-de-las-artes-y-las-letras","category-dibujo-y-grabado","category-pais-vasco-euskal-herriko-unibertsitatea","category-teoria-analisis-y-critica-de-las-bellas-artes","tag-barredo-cahue-juan-manuel","tag-jose-chavete-rodriguez","tag-jose-fuentes-esteve","tag-manuel-angel-garcia-seco","tag-manuel-parralo-dorado","tag-tolosa-marin-jose-luis"],"_links":{"self":[{"href":"https:\/\/www.deberes.net\/tesis\/wp-json\/wp\/v2\/posts\/144531","targetHints":{"allow":["GET"]}}],"collection":[{"href":"https:\/\/www.deberes.net\/tesis\/wp-json\/wp\/v2\/posts"}],"about":[{"href":"https:\/\/www.deberes.net\/tesis\/wp-json\/wp\/v2\/types\/post"}],"author":[{"embeddable":true,"href":"https:\/\/www.deberes.net\/tesis\/wp-json\/wp\/v2\/users\/1"}],"replies":[{"embeddable":true,"href":"https:\/\/www.deberes.net\/tesis\/wp-json\/wp\/v2\/comments?post=144531"}],"version-history":[{"count":0,"href":"https:\/\/www.deberes.net\/tesis\/wp-json\/wp\/v2\/posts\/144531\/revisions"}],"wp:attachment":[{"href":"https:\/\/www.deberes.net\/tesis\/wp-json\/wp\/v2\/media?parent=144531"}],"wp:term":[{"taxonomy":"category","embeddable":true,"href":"https:\/\/www.deberes.net\/tesis\/wp-json\/wp\/v2\/categories?post=144531"},{"taxonomy":"post_tag","embeddable":true,"href":"https:\/\/www.deberes.net\/tesis\/wp-json\/wp\/v2\/tags?post=144531"}],"curies":[{"name":"wp","href":"https:\/\/api.w.org\/{rel}","templated":true}]}}