{"id":144606,"date":"1993-01-01T00:00:00","date_gmt":"1993-01-01T00:00:00","guid":{"rendered":"https:\/\/www.deberes.net\/tesis\/sin-categoria\/espectroscopia-de-fluorescencia-inducida-por-laser-de-complejos-de-van-der-waals-en-un-jet-supersonico\/"},"modified":"1993-01-01T00:00:00","modified_gmt":"1993-01-01T00:00:00","slug":"espectroscopia-de-fluorescencia-inducida-por-laser-de-complejos-de-van-der-waals-en-un-jet-supersonico","status":"publish","type":"post","link":"https:\/\/www.deberes.net\/tesis\/fisica\/espectroscopia-de-fluorescencia-inducida-por-laser-de-complejos-de-van-der-waals-en-un-jet-supersonico\/","title":{"rendered":"Espectroscopia de fluorescencia inducida por laser de complejos de van der waals en un jet supersonico."},"content":{"rendered":"<h2>Tesis doctoral de <strong> Rafael Pereira Pacheco <\/strong><\/h2>\n<p>Utilizando un sistema de jet supersonico pulsado, dise\u00f1ado y construido para la produccion y estudio de complejos de van der waals, se han medido los espectros de fluorescencia inducida por laser en baja y alta resolucion de los esteres p-aminobenzoato de metilo y etilo, abme y abee aislados y de sus complejos de van der waals con hidrocarburos simples y fluorometanos como disolventes. Los resultados de espectroscopia lif de alta resolucion se han comparado con simulaciones teoricas obtenidas combinando el metodo semiempirico mndo e interacciones de tipo lennard-jones. Ello ha permitido en los casos favorables, determinar una variedad de propiedades de estos complejos, incluyendo la distancia relativa entre sus componentes, su geometria, estabilidad de conformeros, naturaleza de interacciones intermoleculares dominantes incluyendo la aparicion de puentes de hidrogeno, caracteristicas de las curvas de energia pontencial, etc.<\/p>\n<p>&nbsp;<\/p>\n<h3>Datos acad\u00e9micos de la tesis doctoral \u00ab<strong>Espectroscopia de fluorescencia inducida por laser de complejos de van der waals en un jet supersonico.<\/strong>\u00ab<\/h3>\n<ul>\n<li><strong>T\u00edtulo de la tesis:<\/strong>\u00a0 Espectroscopia de fluorescencia inducida por laser de complejos de van der waals en un jet supersonico. <\/li>\n<li><strong>Autor:<\/strong>\u00a0 Rafael Pereira Pacheco <\/li>\n<li><strong>Universidad:<\/strong>\u00a0 Pa\u00eds vasco\/euskal herriko unibertsitatea<\/li>\n<li><strong>Fecha de lectura de la tesis:<\/strong>\u00a0 01\/01\/1993<\/li>\n<\/ul>\n<p>&nbsp;<\/p>\n<h3>Direcci\u00f3n y tribunal<\/h3>\n<ul>\n<li><strong>Director de la tesis<\/strong>\n<ul>\n<li>Fernando Casta\u00f1o Almendral<\/li>\n<\/ul>\n<\/li>\n<li><strong>Tribunal<\/strong>\n<ul>\n<li>Presidente del tribunal: Ernesto Mart\u00ednez Ataz <\/li>\n<li>June Mccombie (vocal)<\/li>\n<li>\u00e1ngel Gonz\u00e1lez Ure\u00f1a (vocal)<\/li>\n<li>Alicia Torre Garcia (vocal)<\/li>\n<\/ul>\n<\/li>\n<\/ul>\n<p>&nbsp;<\/p>\n","protected":false},"excerpt":{"rendered":"<p>Tesis doctoral de Rafael Pereira Pacheco Utilizando un sistema de jet supersonico pulsado, dise\u00f1ado y construido para la produccion y [&hellip;]<\/p>\n","protected":false},"author":1,"featured_media":0,"comment_status":"open","ping_status":"open","sticky":false,"template":"","format":"standard","meta":{"site-sidebar-layout":"default","site-content-layout":"","ast-site-content-layout":"","site-content-style":"default","site-sidebar-style":"default","ast-global-header-display":"","ast-banner-title-visibility":"","ast-main-header-display":"","ast-hfb-above-header-display":"","ast-hfb-below-header-display":"","ast-hfb-mobile-header-display":"","site-post-title":"","ast-breadcrumbs-content":"","ast-featured-img":"","footer-sml-layout":"","theme-transparent-header-meta":"","adv-header-id-meta":"","stick-header-meta":"","header-above-stick-meta":"","header-main-stick-meta":"","header-below-stick-meta":"","astra-migrate-meta-layouts":"default","ast-page-background-enabled":"default","ast-page-background-meta":{"desktop":{"background-color":"var(--ast-global-color-4)","background-image":"","background-repeat":"repeat","background-position":"center center","background-size":"auto","background-attachment":"scroll","background-type":"","background-media":"","overlay-type":"","overlay-color":"","overlay-gradient":""},"tablet":{"background-color":"","background-image":"","background-repeat":"repeat","background-position":"center center","background-size":"auto","background-attachment":"scroll","background-type":"","background-media":"","overlay-type":"","overlay-color":"","overlay-gradient":""},"mobile":{"background-color":"","background-image":"","background-repeat":"repeat","background-position":"center center","background-size":"auto","background-attachment":"scroll","background-type":"","background-media":"","overlay-type":"","overlay-color":"","overlay-gradient":""}},"ast-content-background-meta":{"desktop":{"background-color":"var(--ast-global-color-5)","background-image":"","background-repeat":"repeat","background-position":"center center","background-size":"auto","background-attachment":"scroll","background-type":"","background-media":"","overlay-type":"","overlay-color":"","overlay-gradient":""},"tablet":{"background-color":"var(--ast-global-color-5)","background-image":"","background-repeat":"repeat","background-position":"center center","background-size":"auto","background-attachment":"scroll","background-type":"","background-media":"","overlay-type":"","overlay-color":"","overlay-gradient":""},"mobile":{"background-color":"var(--ast-global-color-5)","background-image":"","background-repeat":"repeat","background-position":"center center","background-size":"auto","background-attachment":"scroll","background-type":"","background-media":"","overlay-type":"","overlay-color":"","overlay-gradient":""}},"footnotes":""},"categories":[199,12909,560],"tags":[259392,23683,6947,13557,259391,248851],"class_list":["post-144606","post","type-post","status-publish","format-standard","hentry","category-fisica","category-pais-vasco-euskal-herriko-unibertsitatea","category-quimica-fisica","tag-alicia-torre-garcia","tag-angel-gonzalez-urena","tag-ernesto-Martinez-ataz","tag-fernando-castano-almendral","tag-june-mccombie","tag-rafael-pereira-pacheco"],"_links":{"self":[{"href":"https:\/\/www.deberes.net\/tesis\/wp-json\/wp\/v2\/posts\/144606","targetHints":{"allow":["GET"]}}],"collection":[{"href":"https:\/\/www.deberes.net\/tesis\/wp-json\/wp\/v2\/posts"}],"about":[{"href":"https:\/\/www.deberes.net\/tesis\/wp-json\/wp\/v2\/types\/post"}],"author":[{"embeddable":true,"href":"https:\/\/www.deberes.net\/tesis\/wp-json\/wp\/v2\/users\/1"}],"replies":[{"embeddable":true,"href":"https:\/\/www.deberes.net\/tesis\/wp-json\/wp\/v2\/comments?post=144606"}],"version-history":[{"count":0,"href":"https:\/\/www.deberes.net\/tesis\/wp-json\/wp\/v2\/posts\/144606\/revisions"}],"wp:attachment":[{"href":"https:\/\/www.deberes.net\/tesis\/wp-json\/wp\/v2\/media?parent=144606"}],"wp:term":[{"taxonomy":"category","embeddable":true,"href":"https:\/\/www.deberes.net\/tesis\/wp-json\/wp\/v2\/categories?post=144606"},{"taxonomy":"post_tag","embeddable":true,"href":"https:\/\/www.deberes.net\/tesis\/wp-json\/wp\/v2\/tags?post=144606"}],"curies":[{"name":"wp","href":"https:\/\/api.w.org\/{rel}","templated":true}]}}