{"id":144633,"date":"1993-01-01T00:00:00","date_gmt":"1993-01-01T00:00:00","guid":{"rendered":"https:\/\/www.deberes.net\/tesis\/sin-categoria\/el-valle-del-kadagua-un-espacio-marginal-a-las-puertas-de-la-metropoli-bilbaina\/"},"modified":"1993-01-01T00:00:00","modified_gmt":"1993-01-01T00:00:00","slug":"el-valle-del-kadagua-un-espacio-marginal-a-las-puertas-de-la-metropoli-bilbaina","status":"publish","type":"post","link":"https:\/\/www.deberes.net\/tesis\/historia\/el-valle-del-kadagua-un-espacio-marginal-a-las-puertas-de-la-metropoli-bilbaina\/","title":{"rendered":"El valle del kadagua, un espacio marginal a las puertas de la metropoli bilbaina."},"content":{"rendered":"<h2>Tesis doctoral de <strong> Susana Serrano Abad <\/strong><\/h2>\n<p>El valle del kadagua ocupa una posicion marginal en el marco socio-economico vizcaino, derivada de la conjuncion de factores de diversa indole. Su localizacion periferica en el extremo suroccidental de bizkaia y los condicionamientos fisicos propios de una topografia accidentada le han apartado de los principales ejes que dirigen el desarrollo de las relaciones socio-economicas, situacion que se ha visto agravada ante la falta de una solida y adecuada infraestructura de comunicaciones.  el ultimo cuarto del s. Xviii marco el comienzo de su aislamiento cuando el camino de ordu\u00f1a le arrebatara el papel que de intermediario venia desempe\u00f1ando en las relaciones socio-economicas existentes entre el se\u00f1orio y la meseta, factor que habia impulsado su crecimiento. Su incorporacion a las sucesivas fases de expansion economica -la de fines del s. Xix y a\u00f1os 60 del presente siglo- ha sido tardia y realizada en base a un debil y escasamente devirsificado tejido industrial. Las expectativas puestas en el enclave industrial configurado en torno a aranguren y sodupe, a finales de la decada de los 60 y principios de los 70, se han visto truncadas a consecuencia de los efectos de la crisis economica de estas ultimas decadas. El cierre de empresas, la perdida y regulaciones de empleo industrial y el paro han estado a la orden del dia. El escaso alcance que, en la orbita del kadagua, han tenido las medidas de reestructuracion ponen en entredicho el relanzamiento del sector secundario. A ello sumar el fuerte retroceso demografico y envejecimiento del componente humano, la debilidad del sector terciario, asi como la imagen urbana aun sin consolidar que ofrece hoy dia esta subcomarca encartada.<\/p>\n<p>&nbsp;<\/p>\n<h3>Datos acad\u00e9micos de la tesis doctoral \u00ab<strong>El valle del kadagua, un espacio marginal a las puertas de la metropoli bilbaina.<\/strong>\u00ab<\/h3>\n<ul>\n<li><strong>T\u00edtulo de la tesis:<\/strong>\u00a0 El valle del kadagua, un espacio marginal a las puertas de la metropoli bilbaina. <\/li>\n<li><strong>Autor:<\/strong>\u00a0 Susana Serrano Abad <\/li>\n<li><strong>Universidad:<\/strong>\u00a0 Pa\u00eds vasco\/euskal herriko unibertsitatea<\/li>\n<li><strong>Fecha de lectura de la tesis:<\/strong>\u00a0 01\/01\/1993<\/li>\n<\/ul>\n<p>&nbsp;<\/p>\n<h3>Direcci\u00f3n y tribunal<\/h3>\n<ul>\n<li><strong>Director de la tesis<\/strong>\n<ul>\n<li>Manuel Gonzalez Portilla<\/li>\n<\/ul>\n<\/li>\n<li><strong>Tribunal<\/strong>\n<ul>\n<li>Presidente del tribunal: Manuel Valenzuela Rubio <\/li>\n<li>Ricardo Mendez Gutierrez Del Valle (vocal)<\/li>\n<li> Vilar Ramirez Juan  Bautista (vocal)<\/li>\n<li>Joseba Aguirreazkuenaga Zigorraga (vocal)<\/li>\n<\/ul>\n<\/li>\n<\/ul>\n<p>&nbsp;<\/p>\n","protected":false},"excerpt":{"rendered":"<p>Tesis doctoral de Susana Serrano Abad El valle del kadagua ocupa una posicion marginal en el marco socio-economico vizcaino, derivada [&hellip;]<\/p>\n","protected":false},"author":1,"featured_media":0,"comment_status":"open","ping_status":"open","sticky":false,"template":"","format":"standard","meta":{"site-sidebar-layout":"default","site-content-layout":"","ast-site-content-layout":"","site-content-style":"default","site-sidebar-style":"default","ast-global-header-display":"","ast-banner-title-visibility":"","ast-main-header-display":"","ast-hfb-above-header-display":"","ast-hfb-below-header-display":"","ast-hfb-mobile-header-display":"","site-post-title":"","ast-breadcrumbs-content":"","ast-featured-img":"","footer-sml-layout":"","theme-transparent-header-meta":"","adv-header-id-meta":"","stick-header-meta":"","header-above-stick-meta":"","header-main-stick-meta":"","header-below-stick-meta":"","astra-migrate-meta-layouts":"default","ast-page-background-enabled":"default","ast-page-background-meta":{"desktop":{"background-color":"var(--ast-global-color-4)","background-image":"","background-repeat":"repeat","background-position":"center center","background-size":"auto","background-attachment":"scroll","background-type":"","background-media":"","overlay-type":"","overlay-color":"","overlay-gradient":""},"tablet":{"background-color":"","background-image":"","background-repeat":"repeat","background-position":"center center","background-size":"auto","background-attachment":"scroll","background-type":"","background-media":"","overlay-type":"","overlay-color":"","overlay-gradient":""},"mobile":{"background-color":"","background-image":"","background-repeat":"repeat","background-position":"center center","background-size":"auto","background-attachment":"scroll","background-type":"","background-media":"","overlay-type":"","overlay-color":"","overlay-gradient":""}},"ast-content-background-meta":{"desktop":{"background-color":"var(--ast-global-color-5)","background-image":"","background-repeat":"repeat","background-position":"center center","background-size":"auto","background-attachment":"scroll","background-type":"","background-media":"","overlay-type":"","overlay-color":"","overlay-gradient":""},"tablet":{"background-color":"var(--ast-global-color-5)","background-image":"","background-repeat":"repeat","background-position":"center center","background-size":"auto","background-attachment":"scroll","background-type":"","background-media":"","overlay-type":"","overlay-color":"","overlay-gradient":""},"mobile":{"background-color":"var(--ast-global-color-5)","background-image":"","background-repeat":"repeat","background-position":"center center","background-size":"auto","background-attachment":"scroll","background-type":"","background-media":"","overlay-type":"","overlay-color":"","overlay-gradient":""}},"footnotes":""},"categories":[1399,11756,3091,104,353,220,12909],"tags":[18112,3996,29581,4464,227962,14831],"class_list":["post-144633","post","type-post","status-publish","format-standard","hentry","category-geografia","category-geografia-del-desarrollo-regional","category-geografia-economica","category-historia","category-historia-contemporanea-del-area-europea","category-historia-por-epocas","category-pais-vasco-euskal-herriko-unibertsitatea","tag-joseba-aguirreazkuenaga-zigorraga","tag-manuel-gonzalez-portilla","tag-manuel-valenzuela-rubio","tag-ricardo-mendez-gutierrez-del-valle","tag-susana-serrano-abad","tag-vilar-ramirez-juan-bautista"],"_links":{"self":[{"href":"https:\/\/www.deberes.net\/tesis\/wp-json\/wp\/v2\/posts\/144633","targetHints":{"allow":["GET"]}}],"collection":[{"href":"https:\/\/www.deberes.net\/tesis\/wp-json\/wp\/v2\/posts"}],"about":[{"href":"https:\/\/www.deberes.net\/tesis\/wp-json\/wp\/v2\/types\/post"}],"author":[{"embeddable":true,"href":"https:\/\/www.deberes.net\/tesis\/wp-json\/wp\/v2\/users\/1"}],"replies":[{"embeddable":true,"href":"https:\/\/www.deberes.net\/tesis\/wp-json\/wp\/v2\/comments?post=144633"}],"version-history":[{"count":0,"href":"https:\/\/www.deberes.net\/tesis\/wp-json\/wp\/v2\/posts\/144633\/revisions"}],"wp:attachment":[{"href":"https:\/\/www.deberes.net\/tesis\/wp-json\/wp\/v2\/media?parent=144633"}],"wp:term":[{"taxonomy":"category","embeddable":true,"href":"https:\/\/www.deberes.net\/tesis\/wp-json\/wp\/v2\/categories?post=144633"},{"taxonomy":"post_tag","embeddable":true,"href":"https:\/\/www.deberes.net\/tesis\/wp-json\/wp\/v2\/tags?post=144633"}],"curies":[{"name":"wp","href":"https:\/\/api.w.org\/{rel}","templated":true}]}}