{"id":144660,"date":"1993-01-01T00:00:00","date_gmt":"1993-01-01T00:00:00","guid":{"rendered":"https:\/\/www.deberes.net\/tesis\/sin-categoria\/eficacia-del-tratamiento-de-la-cpap-nasal-en-pacientes-afectos-de-un-sindrome-de-apnea-obstructiva-durante-el-sueno-saos-seguimiento-durante-dos-anos\/"},"modified":"1993-01-01T00:00:00","modified_gmt":"1993-01-01T00:00:00","slug":"eficacia-del-tratamiento-de-la-cpap-nasal-en-pacientes-afectos-de-un-sindrome-de-apnea-obstructiva-durante-el-sueno-saos-seguimiento-durante-dos-anos","status":"publish","type":"post","link":"https:\/\/www.deberes.net\/tesis\/ciencias-medicas\/eficacia-del-tratamiento-de-la-cpap-nasal-en-pacientes-afectos-de-un-sindrome-de-apnea-obstructiva-durante-el-sueno-saos-seguimiento-durante-dos-anos\/","title":{"rendered":"Eficacia del tratamiento de la cpap nasal en pacientes afectos de un sindrome de apnea obstructiva durante el sue\u00f1o (saos). seguimiento durante dos a\u00f1os."},"content":{"rendered":"<h2>Tesis doctoral de <strong> Jorge Abada Capa <\/strong><\/h2>\n<p>El sindrome de apnea obstructiva del sue\u00f1o (saos) es unaentidad clinica caracterizada por la aparicion durante el sue\u00f1o de alteraciones respiratorias, apneas o hipoapaneas debidas al colapso de la orofaringe. La incidencia del saos en la poblacion oscila segun diversos autores entre el 0,99 y el 4% de la poblacion adulta.  los objetivos de nuestro estudio pues fueron:  1) estudiar las caracteristicas y la evolucion de los parametros de una poblacion de pacientes afectos de saos tras tratamiento prolongado (dos a\u00f1os) con cpapn. 2) estudiar el nivel de tolerancia, aceptabilidad y efectos secundarios del tratamiento con cpapn a largo plazo. 3) determinar el intervalo de tiempo que transcurre en relacion a la aparicion de las alteraciones respiratorias durante el sue\u00f1o y su repercusion en la gasometria diurna despues de la suspension de un tratamiento continuado (dos a\u00f1os) con cpapn. Fueron estudiados 64 pacientes (6 mujeres y 58 hombres) con una edad media de 50.09+-8.7 a\u00f1os con un peso medio de 94.8+-21.5 kg (imc 34..37 +- 8.1 kg\/cm2) diagnosticados de saos y en tratamiento con cpapn realizando un seguimiento clinico, analitico, radiologico, funcional (pimax pemax) y polisomnografico durante dos a\u00f1os. Con el fin de valorar tolerancia, aceptabilidad eficacia y efectos secundarios se realizo a 55 pacientes una encuesta anonima al inicio del tratamiento con cpapn y a los dos a\u00f1os de haberlo iniciado. Completaron la encuesta de forma correcta 36 pacientes. En 6 pacientes que realizaron el tratamiento con cpapn de forma correcta (cada noche, durante toda la noche y durante dos a\u00f1os) y no habian perdido peso, se estudio el efecto de la interupcion de la cpapn en los parametros polisomnograficos y funcionales (primera noche con cpapn y segunda noche hasta la quinta noche sin cpapn).  concluyendo que:  1) las caracteristicas antropometricas y clinicas de nuestro grupo de pacientes con saos no mostro diferencias relevantes con<\/p>\n<p>&nbsp;<\/p>\n<h3>Datos acad\u00e9micos de la tesis doctoral \u00ab<strong>Eficacia del tratamiento de la cpap nasal en pacientes afectos de un sindrome de apnea obstructiva durante el sue\u00f1o (saos). seguimiento durante dos a\u00f1os.<\/strong>\u00ab<\/h3>\n<ul>\n<li><strong>T\u00edtulo de la tesis:<\/strong>\u00a0 Eficacia del tratamiento de la cpap nasal en pacientes afectos de un sindrome de apnea obstructiva durante el sue\u00f1o (saos). seguimiento durante dos a\u00f1os. <\/li>\n<li><strong>Autor:<\/strong>\u00a0 Jorge Abada Capa <\/li>\n<li><strong>Universidad:<\/strong>\u00a0 Aut\u00f3noma de barcelona<\/li>\n<li><strong>Fecha de lectura de la tesis:<\/strong>\u00a0 01\/01\/1993<\/li>\n<\/ul>\n<p>&nbsp;<\/p>\n<h3>Direcci\u00f3n y tribunal<\/h3>\n<ul>\n<li><strong>Director de la tesis<\/strong>\n<ul>\n<li>Josep Morera Prat<\/li>\n<\/ul>\n<\/li>\n<li><strong>Tribunal<\/strong>\n<ul>\n<li>Presidente del tribunal: Carlos Ferrandiz Foraste <\/li>\n<li>Francesc Roca-ribes Cerda (vocal)<\/li>\n<li>C\u00e9sar Picado Vall\u00e9s (vocal)<\/li>\n<li>Eduard Monso Molas (vocal)<\/li>\n<\/ul>\n<\/li>\n<\/ul>\n<p>&nbsp;<\/p>\n","protected":false},"excerpt":{"rendered":"<p>Tesis doctoral de Jorge Abada Capa El sindrome de apnea obstructiva del sue\u00f1o (saos) es unaentidad clinica caracterizada por la [&hellip;]<\/p>\n","protected":false},"author":1,"featured_media":0,"comment_status":"open","ping_status":"open","sticky":false,"template":"","format":"standard","meta":{"site-sidebar-layout":"default","site-content-layout":"","ast-site-content-layout":"","site-content-style":"default","site-sidebar-style":"default","ast-global-header-display":"","ast-banner-title-visibility":"","ast-main-header-display":"","ast-hfb-above-header-display":"","ast-hfb-below-header-display":"","ast-hfb-mobile-header-display":"","site-post-title":"","ast-breadcrumbs-content":"","ast-featured-img":"","footer-sml-layout":"","theme-transparent-header-meta":"","adv-header-id-meta":"","stick-header-meta":"","header-above-stick-meta":"","header-main-stick-meta":"","header-below-stick-meta":"","astra-migrate-meta-layouts":"default","ast-page-background-enabled":"default","ast-page-background-meta":{"desktop":{"background-color":"var(--ast-global-color-4)","background-image":"","background-repeat":"repeat","background-position":"center center","background-size":"auto","background-attachment":"scroll","background-type":"","background-media":"","overlay-type":"","overlay-color":"","overlay-gradient":""},"tablet":{"background-color":"","background-image":"","background-repeat":"repeat","background-position":"center center","background-size":"auto","background-attachment":"scroll","background-type":"","background-media":"","overlay-type":"","overlay-color":"","overlay-gradient":""},"mobile":{"background-color":"","background-image":"","background-repeat":"repeat","background-position":"center center","background-size":"auto","background-attachment":"scroll","background-type":"","background-media":"","overlay-type":"","overlay-color":"","overlay-gradient":""}},"ast-content-background-meta":{"desktop":{"background-color":"var(--ast-global-color-5)","background-image":"","background-repeat":"repeat","background-position":"center center","background-size":"auto","background-attachment":"scroll","background-type":"","background-media":"","overlay-type":"","overlay-color":"","overlay-gradient":""},"tablet":{"background-color":"var(--ast-global-color-5)","background-image":"","background-repeat":"repeat","background-position":"center center","background-size":"auto","background-attachment":"scroll","background-type":"","background-media":"","overlay-type":"","overlay-color":"","overlay-gradient":""},"mobile":{"background-color":"var(--ast-global-color-5)","background-image":"","background-repeat":"repeat","background-position":"center center","background-size":"auto","background-attachment":"scroll","background-type":"","background-media":"","overlay-type":"","overlay-color":"","overlay-gradient":""}},"footnotes":""},"categories":[9,69,139],"tags":[259449,13826,78285,259450,259448,13938],"class_list":["post-144660","post","type-post","status-publish","format-standard","hentry","category-ciencias-medicas","category-enfermedades-pulmonares","category-medicina-interna","tag-carlos-ferrandiz-foraste","tag-cesar-picado-valles","tag-eduard-monso-molas","tag-francesc-roca-ribes-cerda","tag-jorge-abada-capa","tag-josep-morera-prat"],"_links":{"self":[{"href":"https:\/\/www.deberes.net\/tesis\/wp-json\/wp\/v2\/posts\/144660","targetHints":{"allow":["GET"]}}],"collection":[{"href":"https:\/\/www.deberes.net\/tesis\/wp-json\/wp\/v2\/posts"}],"about":[{"href":"https:\/\/www.deberes.net\/tesis\/wp-json\/wp\/v2\/types\/post"}],"author":[{"embeddable":true,"href":"https:\/\/www.deberes.net\/tesis\/wp-json\/wp\/v2\/users\/1"}],"replies":[{"embeddable":true,"href":"https:\/\/www.deberes.net\/tesis\/wp-json\/wp\/v2\/comments?post=144660"}],"version-history":[{"count":0,"href":"https:\/\/www.deberes.net\/tesis\/wp-json\/wp\/v2\/posts\/144660\/revisions"}],"wp:attachment":[{"href":"https:\/\/www.deberes.net\/tesis\/wp-json\/wp\/v2\/media?parent=144660"}],"wp:term":[{"taxonomy":"category","embeddable":true,"href":"https:\/\/www.deberes.net\/tesis\/wp-json\/wp\/v2\/categories?post=144660"},{"taxonomy":"post_tag","embeddable":true,"href":"https:\/\/www.deberes.net\/tesis\/wp-json\/wp\/v2\/tags?post=144660"}],"curies":[{"name":"wp","href":"https:\/\/api.w.org\/{rel}","templated":true}]}}