{"id":14468,"date":"2018-03-09T09:01:11","date_gmt":"2018-03-09T09:01:11","guid":{"rendered":"https:\/\/www.deberes.net\/tesis\/sin-categoria\/caracterizacion-de-la-difusion-provocada-por-dispositivo-utilizados-en-el-acondicionamiento-acustico\/"},"modified":"2018-03-09T09:01:11","modified_gmt":"2018-03-09T09:01:11","slug":"caracterizacion-de-la-difusion-provocada-por-dispositivo-utilizados-en-el-acondicionamiento-acustico","status":"publish","type":"post","link":"https:\/\/www.deberes.net\/tesis\/fisica\/caracterizacion-de-la-difusion-provocada-por-dispositivo-utilizados-en-el-acondicionamiento-acustico\/","title":{"rendered":"Caracterizaci\u00f3n de la difusi\u00f3n provocada por dispositivo utilizados en el acondicionamiento ac\u00fastico"},"content":{"rendered":"<h2>Tesis doctoral de <strong> Francisco Javier Redondo Pastor <\/strong><\/h2>\n<p>El presente trabajo ha consistido en la medici\u00f3n de las variaciones del grado de difusi\u00f3n del campo sonoro que una estructura difusora (1) provoca al ser insertada en diferentes recientos. En particular se han estudiado dos tipos de recintos. El primer tipo de recintos consiste en una serie de recintos relativamente peque\u00f1os (volumen en torno a los 150 m3) con diferentes acondicionamientos ac\u00fasticos. El segundo tipo ha sido un teato en el que se ha evidenciado la mejora de la calidad ac\u00fastica del escenario provocada por la utilizaci\u00f3n de dichas estructuras.  como paso previo al estudio de la difusi\u00f3n provocada por las estructuras difusora se ha realizado una experiencia en campo libre con el objeto de obtener los par\u00e1metros de dispersi\u00f3n que caracterizan dichos dispositivos (2). Posteriormente se han llevado a cabo las experiencias en campo confiando citadas anteriomente realizando medidas de numerosos par\u00e1metros estimadores del grado de difusi\u00f3n realiz\u00e1ndose un estudio sistem\u00e1tico de las variaciones observadas en los mismos por la introducic\u00f3n de las estructuras difusoras. entre estos par\u00e1metros cabe destacar la utilizaci\u00f3n de novedosas revisiones de los que hist\u00f3ricamente han vendio siendo utilizados a tal fin en las \u00faltimas d\u00e9cadas (3). En particular se ha aplicado con \u00e9xito la teor\u00eda de conjuntos borrosos (fuzzy en la literatura anglosajona (4) a la estimaci\u00f3n del grado de difusi\u00f3n en un recinto a partir de las medidas de la eficiencia energ\u00e9tica de micr\u00f3fono directivos mostrando importantes ventajas con respecto a las tradicionales estimaciones de la difusi\u00f3n a partir de las mismas.  (1) a . Farina, measurement of the surface sactterin coefficient: comparison of the mommertz\/vorlander approach with the new wave field synthesis method, international symposium on surface diffusi\u00f3n in room acosutics-liverpool (gb) 16,2000.  (2) m.R. Schroeder.Diffuse sound refection by maximum lenght sequences. j:acoust. Soc<\/p>\n<p>&nbsp;<\/p>\n<h3>Datos acad\u00e9micos de la tesis doctoral \u00ab<strong>Caracterizaci\u00f3n de la difusi\u00f3n provocada por dispositivo utilizados en el acondicionamiento ac\u00fastico<\/strong>\u00ab<\/h3>\n<ul>\n<li><strong>T\u00edtulo de la tesis:<\/strong>\u00a0 Caracterizaci\u00f3n de la difusi\u00f3n provocada por dispositivo utilizados en el acondicionamiento ac\u00fastico <\/li>\n<li><strong>Autor:<\/strong>\u00a0 Francisco Javier Redondo Pastor <\/li>\n<li><strong>Universidad:<\/strong>\u00a0 Polit\u00e9cnica de Valencia<\/li>\n<li><strong>Fecha de lectura de la tesis:<\/strong>\u00a0 13\/12\/2001<\/li>\n<\/ul>\n<p>&nbsp;<\/p>\n<h3>Direcci\u00f3n y tribunal<\/h3>\n<ul>\n<li><strong>Director de la tesis<\/strong>\n<ul>\n<li>Jaime Ramis Soriano<\/li>\n<\/ul>\n<\/li>\n<li><strong>Tribunal<\/strong>\n<ul>\n<li>Presidente del tribunal: Jaime Llinares galiana <\/li>\n<li>Juan  Miguel Barrig\u00f3n morillas (vocal)<\/li>\n<li>julio Gonz\u00e1lez suarez (vocal)<\/li>\n<li>Antonio Dur\u00e1 dom\u00e9nech (vocal)<\/li>\n<\/ul>\n<\/li>\n<\/ul>\n<p>&nbsp;<\/p>\n","protected":false},"excerpt":{"rendered":"<p>Tesis doctoral de Francisco Javier Redondo Pastor El presente trabajo ha consistido en la medici\u00f3n de las variaciones del grado [&hellip;]<\/p>\n","protected":false},"author":1,"featured_media":0,"comment_status":"open","ping_status":"open","sticky":false,"template":"","format":"standard","meta":{"site-sidebar-layout":"default","site-content-layout":"","ast-site-content-layout":"","site-content-style":"default","site-sidebar-style":"default","ast-global-header-display":"","ast-banner-title-visibility":"","ast-main-header-display":"","ast-hfb-above-header-display":"","ast-hfb-below-header-display":"","ast-hfb-mobile-header-display":"","site-post-title":"","ast-breadcrumbs-content":"","ast-featured-img":"","footer-sml-layout":"","theme-transparent-header-meta":"","adv-header-id-meta":"","stick-header-meta":"","header-above-stick-meta":"","header-main-stick-meta":"","header-below-stick-meta":"","astra-migrate-meta-layouts":"default","ast-page-background-enabled":"default","ast-page-background-meta":{"desktop":{"background-color":"var(--ast-global-color-4)","background-image":"","background-repeat":"repeat","background-position":"center center","background-size":"auto","background-attachment":"scroll","background-type":"","background-media":"","overlay-type":"","overlay-color":"","overlay-gradient":""},"tablet":{"background-color":"","background-image":"","background-repeat":"repeat","background-position":"center center","background-size":"auto","background-attachment":"scroll","background-type":"","background-media":"","overlay-type":"","overlay-color":"","overlay-gradient":""},"mobile":{"background-color":"","background-image":"","background-repeat":"repeat","background-position":"center center","background-size":"auto","background-attachment":"scroll","background-type":"","background-media":"","overlay-type":"","overlay-color":"","overlay-gradient":""}},"ast-content-background-meta":{"desktop":{"background-color":"var(--ast-global-color-5)","background-image":"","background-repeat":"repeat","background-position":"center center","background-size":"auto","background-attachment":"scroll","background-type":"","background-media":"","overlay-type":"","overlay-color":"","overlay-gradient":""},"tablet":{"background-color":"var(--ast-global-color-5)","background-image":"","background-repeat":"repeat","background-position":"center center","background-size":"auto","background-attachment":"scroll","background-type":"","background-media":"","overlay-type":"","overlay-color":"","overlay-gradient":""},"mobile":{"background-color":"var(--ast-global-color-5)","background-image":"","background-repeat":"repeat","background-position":"center center","background-size":"auto","background-attachment":"scroll","background-type":"","background-media":"","overlay-type":"","overlay-color":"","overlay-gradient":""}},"footnotes":""},"categories":[5190,16945,199,16820,16946],"tags":[16859,46564,11530,46565,46566,16950],"class_list":["post-14468","post","type-post","status-publish","format-standard","hentry","category-acustica","category-acustica-arquitectonica","category-fisica","category-politecnica-de-valencia","category-propiedades-acusticas-de-los-solidos","tag-antonio-dura-domenech","tag-francisco-javier-redondo-pastor","tag-jaime-llinares-galiana","tag-jaime-ramis-soriano","tag-juan-miguel-barrigon-morillas","tag-julio-gonzalez-suarez"],"_links":{"self":[{"href":"https:\/\/www.deberes.net\/tesis\/wp-json\/wp\/v2\/posts\/14468","targetHints":{"allow":["GET"]}}],"collection":[{"href":"https:\/\/www.deberes.net\/tesis\/wp-json\/wp\/v2\/posts"}],"about":[{"href":"https:\/\/www.deberes.net\/tesis\/wp-json\/wp\/v2\/types\/post"}],"author":[{"embeddable":true,"href":"https:\/\/www.deberes.net\/tesis\/wp-json\/wp\/v2\/users\/1"}],"replies":[{"embeddable":true,"href":"https:\/\/www.deberes.net\/tesis\/wp-json\/wp\/v2\/comments?post=14468"}],"version-history":[{"count":0,"href":"https:\/\/www.deberes.net\/tesis\/wp-json\/wp\/v2\/posts\/14468\/revisions"}],"wp:attachment":[{"href":"https:\/\/www.deberes.net\/tesis\/wp-json\/wp\/v2\/media?parent=14468"}],"wp:term":[{"taxonomy":"category","embeddable":true,"href":"https:\/\/www.deberes.net\/tesis\/wp-json\/wp\/v2\/categories?post=14468"},{"taxonomy":"post_tag","embeddable":true,"href":"https:\/\/www.deberes.net\/tesis\/wp-json\/wp\/v2\/tags?post=14468"}],"curies":[{"name":"wp","href":"https:\/\/api.w.org\/{rel}","templated":true}]}}