{"id":144684,"date":"1993-01-01T00:00:00","date_gmt":"1993-01-01T00:00:00","guid":{"rendered":"https:\/\/www.deberes.net\/tesis\/sin-categoria\/contribuciones-a-la-taxonomia-de-los-generos-proteus-y-providencia\/"},"modified":"1993-01-01T00:00:00","modified_gmt":"1993-01-01T00:00:00","slug":"contribuciones-a-la-taxonomia-de-los-generos-proteus-y-providencia","status":"publish","type":"post","link":"https:\/\/www.deberes.net\/tesis\/ciencias-medicas\/contribuciones-a-la-taxonomia-de-los-generos-proteus-y-providencia\/","title":{"rendered":"Contribuciones a la taxonomia de los generos proteus y providencia"},"content":{"rendered":"<h2>Tesis doctoral de <strong> Joan Arnal Millan <\/strong><\/h2>\n<p>Se describe la primera epidemia intrahospitalaria registrada en espa\u00f1a causada por proteus rettgeri lactosa positivo (prl+). Se investigan estos germenes atipicos bajo los puntos de vista: bioquimico, serologico, clinico, epidemiologico, taxonomico, genetico, accion patogena y sensibilidad a los agentes antimicrobianos.  estos estudios ponen de manifiesto que prl+ presenta una elevada resistencia a los antimicrobianos y una escasa virulencia. Se describen biotipos, serotipos y antibioticos que permiten una diferenciacion intraespecifica de prl+.  las consideraciones epidemiologicas, los resultados de los estudios de taxonomia numerica y de las caracteristicas bioquimicas, fisiologicas y cromatograficas ponen en evidencia la intima relacion existente entre proteus rettgeri y providencia.  se describen las primeras cepas de providencia stuartii ureasa+ aisladas en espa\u00f1a a partir de procesos patologicos humanos.  se hacen tambien diversas aportaciones a los aspectos clinicos y epidemiologicos de las infecciones debidas a los distintos germenes pertenecientes a la tribu proteeae, con especial referencia a sus relaciones con prl+ y providencia.<\/p>\n<p>&nbsp;<\/p>\n<h3>Datos acad\u00e9micos de la tesis doctoral \u00ab<strong>Contribuciones a la taxonomia de los generos proteus y providencia<\/strong>\u00ab<\/h3>\n<ul>\n<li><strong>T\u00edtulo de la tesis:<\/strong>\u00a0 Contribuciones a la taxonomia de los generos proteus y providencia <\/li>\n<li><strong>Autor:<\/strong>\u00a0 Joan Arnal Millan <\/li>\n<li><strong>Universidad:<\/strong>\u00a0 Aut\u00f3noma de barcelona<\/li>\n<li><strong>Fecha de lectura de la tesis:<\/strong>\u00a0 01\/01\/1993<\/li>\n<\/ul>\n<p>&nbsp;<\/p>\n<h3>Direcci\u00f3n y tribunal<\/h3>\n<ul>\n<li><strong>Director de la tesis<\/strong>\n<ul>\n<li>Francisco Jos\u00e9 Fern\u00e1ndez P\u00e9rez<\/li>\n<\/ul>\n<\/li>\n<li><strong>Tribunal<\/strong>\n<ul>\n<li>Presidente del tribunal: M\u00aa Teresa Jim\u00e9nez De Anta <\/li>\n<li>Emilio Perez Trallero (vocal)<\/li>\n<li>LLuis Arcalis Arce (vocal)<\/li>\n<li>Teofilo Gonzalez Fuente (vocal)<\/li>\n<\/ul>\n<\/li>\n<\/ul>\n<p>&nbsp;<\/p>\n","protected":false},"excerpt":{"rendered":"<p>Tesis doctoral de Joan Arnal Millan Se describe la primera epidemia intrahospitalaria registrada en espa\u00f1a causada por proteus rettgeri lactosa [&hellip;]<\/p>\n","protected":false},"author":1,"featured_media":0,"comment_status":"open","ping_status":"open","sticky":false,"template":"","format":"standard","meta":{"site-sidebar-layout":"default","site-content-layout":"","ast-site-content-layout":"","site-content-style":"default","site-sidebar-style":"default","ast-global-header-display":"","ast-banner-title-visibility":"","ast-main-header-display":"","ast-hfb-above-header-display":"","ast-hfb-below-header-display":"","ast-hfb-mobile-header-display":"","site-post-title":"","ast-breadcrumbs-content":"","ast-featured-img":"","footer-sml-layout":"","theme-transparent-header-meta":"","adv-header-id-meta":"","stick-header-meta":"","header-above-stick-meta":"","header-main-stick-meta":"","header-below-stick-meta":"","astra-migrate-meta-layouts":"default","ast-page-background-enabled":"default","ast-page-background-meta":{"desktop":{"background-color":"var(--ast-global-color-4)","background-image":"","background-repeat":"repeat","background-position":"center center","background-size":"auto","background-attachment":"scroll","background-type":"","background-media":"","overlay-type":"","overlay-color":"","overlay-gradient":""},"tablet":{"background-color":"","background-image":"","background-repeat":"repeat","background-position":"center center","background-size":"auto","background-attachment":"scroll","background-type":"","background-media":"","overlay-type":"","overlay-color":"","overlay-gradient":""},"mobile":{"background-color":"","background-image":"","background-repeat":"repeat","background-position":"center center","background-size":"auto","background-attachment":"scroll","background-type":"","background-media":"","overlay-type":"","overlay-color":"","overlay-gradient":""}},"ast-content-background-meta":{"desktop":{"background-color":"var(--ast-global-color-5)","background-image":"","background-repeat":"repeat","background-position":"center center","background-size":"auto","background-attachment":"scroll","background-type":"","background-media":"","overlay-type":"","overlay-color":"","overlay-gradient":""},"tablet":{"background-color":"var(--ast-global-color-5)","background-image":"","background-repeat":"repeat","background-position":"center center","background-size":"auto","background-attachment":"scroll","background-type":"","background-media":"","overlay-type":"","overlay-color":"","overlay-gradient":""},"mobile":{"background-color":"var(--ast-global-color-5)","background-image":"","background-repeat":"repeat","background-position":"center center","background-size":"auto","background-attachment":"scroll","background-type":"","background-media":"","overlay-type":"","overlay-color":"","overlay-gradient":""}},"footnotes":""},"categories":[155,9,597],"tags":[17950,33825,87314,235582,13814,33826],"class_list":["post-144684","post","type-post","status-publish","format-standard","hentry","category-ciencias-clinicas","category-ciencias-medicas","category-microbiologia-clinica","tag-emilio-perez-trallero","tag-francisco-jose-fernandez-perez","tag-joan-arnal-millan","tag-lluis-arcalis-arce","tag-ma-teresa-jimenez-de-anta","tag-teofilo-gonzalez-fuente"],"_links":{"self":[{"href":"https:\/\/www.deberes.net\/tesis\/wp-json\/wp\/v2\/posts\/144684","targetHints":{"allow":["GET"]}}],"collection":[{"href":"https:\/\/www.deberes.net\/tesis\/wp-json\/wp\/v2\/posts"}],"about":[{"href":"https:\/\/www.deberes.net\/tesis\/wp-json\/wp\/v2\/types\/post"}],"author":[{"embeddable":true,"href":"https:\/\/www.deberes.net\/tesis\/wp-json\/wp\/v2\/users\/1"}],"replies":[{"embeddable":true,"href":"https:\/\/www.deberes.net\/tesis\/wp-json\/wp\/v2\/comments?post=144684"}],"version-history":[{"count":0,"href":"https:\/\/www.deberes.net\/tesis\/wp-json\/wp\/v2\/posts\/144684\/revisions"}],"wp:attachment":[{"href":"https:\/\/www.deberes.net\/tesis\/wp-json\/wp\/v2\/media?parent=144684"}],"wp:term":[{"taxonomy":"category","embeddable":true,"href":"https:\/\/www.deberes.net\/tesis\/wp-json\/wp\/v2\/categories?post=144684"},{"taxonomy":"post_tag","embeddable":true,"href":"https:\/\/www.deberes.net\/tesis\/wp-json\/wp\/v2\/tags?post=144684"}],"curies":[{"name":"wp","href":"https:\/\/api.w.org\/{rel}","templated":true}]}}