{"id":144786,"date":"1993-01-01T00:00:00","date_gmt":"1993-01-01T00:00:00","guid":{"rendered":"https:\/\/www.deberes.net\/tesis\/sin-categoria\/ejercicio-fisico-consumo-de-tabaco-y-consumo-de-alcohol-en-escolares-estudio-de-factores-asociados-y-de-la-validez-de-un-instrumento-de-medida\/"},"modified":"1993-01-01T00:00:00","modified_gmt":"1993-01-01T00:00:00","slug":"ejercicio-fisico-consumo-de-tabaco-y-consumo-de-alcohol-en-escolares-estudio-de-factores-asociados-y-de-la-validez-de-un-instrumento-de-medida","status":"publish","type":"post","link":"https:\/\/www.deberes.net\/tesis\/ciencias-medicas\/ejercicio-fisico-consumo-de-tabaco-y-consumo-de-alcohol-en-escolares-estudio-de-factores-asociados-y-de-la-validez-de-un-instrumento-de-medida\/","title":{"rendered":"Ejercicio fisico, consumo de tabaco y consumo de alcohol en escolares: estudio de factores asociados y de la validez de un instrumento de medida"},"content":{"rendered":"<h2>Tesis doctoral de <strong> Eva Comin Bertran <\/strong><\/h2>\n<p>En el a\u00f1o 1990, se realiza un estudio descriptivo transversal en escolares de 6 (11 a\u00f1os) y 8 (13 a\u00f1os) de e.G.B. De la ciudad de lerida con el doble objetivo de estudiar la validez de un cuestionario auto-administrado sobre ejercicio, consumo de tabaco y alcohol, y analizar la relacion entre estos habitos y factores socio-demograficos, consumo en el entorno, actitudes y personalidad el cuestionario muestra una fiabilidad y validez de construccion aceptable, por lo que se puede considerar util para detectar ni\u00f1os de riesgo. El nivel de ejercicio entre las ni\u00f1as es muy inferior al de los ni\u00f1os. Se observa una estrecha relacion entre consumo de tabaco y alcohol, produciendose un aumento importante de consumo entre 6 y 8. Fumadores, bebedores y deportistas obtienen mayores puntuaciones en el rasgo de personalidad de busca de sensaciones el consumo de tabaco y alcohol se relaciona con actitudes, consumo en el entorno, personalidad y variables socio-demograficas.<\/p>\n<p>&nbsp;<\/p>\n<h3>Datos acad\u00e9micos de la tesis doctoral \u00ab<strong>Ejercicio fisico, consumo de tabaco y consumo de alcohol en escolares: estudio de factores asociados y de la validez de un instrumento de medida<\/strong>\u00ab<\/h3>\n<ul>\n<li><strong>T\u00edtulo de la tesis:<\/strong>\u00a0 Ejercicio fisico, consumo de tabaco y consumo de alcohol en escolares: estudio de factores asociados y de la validez de un instrumento de medida <\/li>\n<li><strong>Autor:<\/strong>\u00a0 Eva Comin Bertran <\/li>\n<li><strong>Universidad:<\/strong>\u00a0 Aut\u00f3noma de barcelona<\/li>\n<li><strong>Fecha de lectura de la tesis:<\/strong>\u00a0 01\/01\/1993<\/li>\n<\/ul>\n<p>&nbsp;<\/p>\n<h3>Direcci\u00f3n y tribunal<\/h3>\n<ul>\n<li><strong>Director de la tesis<\/strong>\n<ul>\n<li>Rafael Torrubia Beltri<\/li>\n<\/ul>\n<\/li>\n<li><strong>Tribunal<\/strong>\n<ul>\n<li>Presidente del tribunal: Llu\u00eds Garc\u00eda Sevilla <\/li>\n<li>Miquel Porta Serra (vocal)<\/li>\n<li>Antoni Vall\u00e9s Segal\u00e9s (vocal)<\/li>\n<li> Villalbi Ereter Joan Ramon (vocal)<\/li>\n<\/ul>\n<\/li>\n<\/ul>\n<p>&nbsp;<\/p>\n","protected":false},"excerpt":{"rendered":"<p>Tesis doctoral de Eva Comin Bertran En el a\u00f1o 1990, se realiza un estudio descriptivo transversal en escolares de 6 [&hellip;]<\/p>\n","protected":false},"author":1,"featured_media":0,"comment_status":"open","ping_status":"open","sticky":false,"template":"","format":"standard","meta":{"site-sidebar-layout":"default","site-content-layout":"","ast-site-content-layout":"","site-content-style":"default","site-sidebar-style":"default","ast-global-header-display":"","ast-banner-title-visibility":"","ast-main-header-display":"","ast-hfb-above-header-display":"","ast-hfb-below-header-display":"","ast-hfb-mobile-header-display":"","site-post-title":"","ast-breadcrumbs-content":"","ast-featured-img":"","footer-sml-layout":"","theme-transparent-header-meta":"","adv-header-id-meta":"","stick-header-meta":"","header-above-stick-meta":"","header-main-stick-meta":"","header-below-stick-meta":"","astra-migrate-meta-layouts":"default","ast-page-background-enabled":"default","ast-page-background-meta":{"desktop":{"background-color":"var(--ast-global-color-4)","background-image":"","background-repeat":"repeat","background-position":"center center","background-size":"auto","background-attachment":"scroll","background-type":"","background-media":"","overlay-type":"","overlay-color":"","overlay-gradient":""},"tablet":{"background-color":"","background-image":"","background-repeat":"repeat","background-position":"center center","background-size":"auto","background-attachment":"scroll","background-type":"","background-media":"","overlay-type":"","overlay-color":"","overlay-gradient":""},"mobile":{"background-color":"","background-image":"","background-repeat":"repeat","background-position":"center center","background-size":"auto","background-attachment":"scroll","background-type":"","background-media":"","overlay-type":"","overlay-color":"","overlay-gradient":""}},"ast-content-background-meta":{"desktop":{"background-color":"var(--ast-global-color-5)","background-image":"","background-repeat":"repeat","background-position":"center center","background-size":"auto","background-attachment":"scroll","background-type":"","background-media":"","overlay-type":"","overlay-color":"","overlay-gradient":""},"tablet":{"background-color":"var(--ast-global-color-5)","background-image":"","background-repeat":"repeat","background-position":"center center","background-size":"auto","background-attachment":"scroll","background-type":"","background-media":"","overlay-type":"","overlay-color":"","overlay-gradient":""},"mobile":{"background-color":"var(--ast-global-color-5)","background-image":"","background-repeat":"repeat","background-position":"center center","background-size":"auto","background-attachment":"scroll","background-type":"","background-media":"","overlay-type":"","overlay-color":"","overlay-gradient":""}},"footnotes":""},"categories":[9,1175,324,967],"tags":[28573,259600,104846,29202,33042,259601],"class_list":["post-144786","post","type-post","status-publish","format-standard","hentry","category-ciencias-medicas","category-evaluacion-y-diagnostico-en-psicologia","category-psicologia","category-salud-publica","tag-antoni-valles-segales","tag-eva-comin-bertran","tag-lluis-garcia-sevilla","tag-miquel-porta-serra","tag-rafael-torrubia-beltri","tag-villalbi-ereter-joan-ramon"],"_links":{"self":[{"href":"https:\/\/www.deberes.net\/tesis\/wp-json\/wp\/v2\/posts\/144786","targetHints":{"allow":["GET"]}}],"collection":[{"href":"https:\/\/www.deberes.net\/tesis\/wp-json\/wp\/v2\/posts"}],"about":[{"href":"https:\/\/www.deberes.net\/tesis\/wp-json\/wp\/v2\/types\/post"}],"author":[{"embeddable":true,"href":"https:\/\/www.deberes.net\/tesis\/wp-json\/wp\/v2\/users\/1"}],"replies":[{"embeddable":true,"href":"https:\/\/www.deberes.net\/tesis\/wp-json\/wp\/v2\/comments?post=144786"}],"version-history":[{"count":0,"href":"https:\/\/www.deberes.net\/tesis\/wp-json\/wp\/v2\/posts\/144786\/revisions"}],"wp:attachment":[{"href":"https:\/\/www.deberes.net\/tesis\/wp-json\/wp\/v2\/media?parent=144786"}],"wp:term":[{"taxonomy":"category","embeddable":true,"href":"https:\/\/www.deberes.net\/tesis\/wp-json\/wp\/v2\/categories?post=144786"},{"taxonomy":"post_tag","embeddable":true,"href":"https:\/\/www.deberes.net\/tesis\/wp-json\/wp\/v2\/tags?post=144786"}],"curies":[{"name":"wp","href":"https:\/\/api.w.org\/{rel}","templated":true}]}}