{"id":14491,"date":"2018-03-09T09:01:12","date_gmt":"2018-03-09T09:01:12","guid":{"rendered":"https:\/\/www.deberes.net\/tesis\/sin-categoria\/compuestos-ciclometalados-conligandos-multifuncionales\/"},"modified":"2018-03-09T09:01:12","modified_gmt":"2018-03-09T09:01:12","slug":"compuestos-ciclometalados-conligandos-multifuncionales","status":"publish","type":"post","link":"https:\/\/www.deberes.net\/tesis\/quimica\/compuestos-ciclometalados-conligandos-multifuncionales\/","title":{"rendered":"Compuestos ciclometalados conligandos multifuncionales"},"content":{"rendered":"<h2>Tesis doctoral de <strong> Gemma Alberdi Fernandez <\/strong><\/h2>\n<p>El objetivo del presente trabajo ha sido la s\u00edntesis, caracterizaci\u00f3n estructural y estudio de la reactividad de ligandos multifuncionales obtenidos a partir de bases de schiff bidentadas, en los cuales existe la posibilidad de uni\u00f3n del ligando al metal mediatne m\u00e1s de un \u00e1tomo donador.  en primer lugar se obtuvieron los compuestos ciclometalados derivados de las bases de schiff bidentadas, las cuales se hicieron reaccionar con ligandos neutros (monofosfinas, difosfinas y trifosfinas). Estos compuestos se hicieron reaccionar con aminas y aminofosfinas para obtener los correspondientes ligandos multifuncionales.  a partir de los mismos se realizaron ensayos de reacciones de s\u00edntesis de compuestos que contuvieran m\u00e1s de un centro met\u00e1lico (pd, pt), los cuales podr\u00e1n ser homonucleares o heteronucleares.  los compuestos obtenidos han sido caracterizados mediante an\u00e1lisis elemental (c, h, n), espectroscopia ir y espectroscopia de rmn de 1h y 31p-(1h). en los compuestos en los que se han obtenido monocristales adecuados han sido determinadas las estructuras moleculares por difracci\u00f3n de rayos x.<\/p>\n<p>&nbsp;<\/p>\n<h3>Datos acad\u00e9micos de la tesis doctoral \u00ab<strong>Compuestos ciclometalados conligandos multifuncionales<\/strong>\u00ab<\/h3>\n<ul>\n<li><strong>T\u00edtulo de la tesis:<\/strong>\u00a0 Compuestos ciclometalados conligandos multifuncionales <\/li>\n<li><strong>Autor:<\/strong>\u00a0 Gemma Alberdi Fernandez <\/li>\n<li><strong>Universidad:<\/strong>\u00a0 Santiago de compostela<\/li>\n<li><strong>Fecha de lectura de la tesis:<\/strong>\u00a0 14\/12\/2001<\/li>\n<\/ul>\n<p>&nbsp;<\/p>\n<h3>Direcci\u00f3n y tribunal<\/h3>\n<ul>\n<li><strong>Director de la tesis<\/strong>\n<ul>\n<li>Jos\u00e9 Manuel Vila Abad<\/li>\n<\/ul>\n<\/li>\n<li><strong>Tribunal<\/strong>\n<ul>\n<li>Presidente del tribunal: agust\u00edn S\u00e1nchez d\u00edaz <\/li>\n<li>\u00e1lvaro Bernalte Garc\u00eda (vocal)<\/li>\n<li>joan Albert mach (vocal)<\/li>\n<li> Fern\u00e1ndez s\u00e1nchez Jes\u00fas Jos\u00e9 (vocal)<\/li>\n<\/ul>\n<\/li>\n<\/ul>\n<p>&nbsp;<\/p>\n","protected":false},"excerpt":{"rendered":"<p>Tesis doctoral de Gemma Alberdi Fernandez El objetivo del presente trabajo ha sido la s\u00edntesis, caracterizaci\u00f3n estructural y estudio de [&hellip;]<\/p>\n","protected":false},"author":1,"featured_media":0,"comment_status":"open","ping_status":"open","sticky":false,"template":"","format":"standard","meta":{"site-sidebar-layout":"default","site-content-layout":"","ast-site-content-layout":"","site-content-style":"default","site-sidebar-style":"default","ast-global-header-display":"","ast-banner-title-visibility":"","ast-main-header-display":"","ast-hfb-above-header-display":"","ast-hfb-below-header-display":"","ast-hfb-mobile-header-display":"","site-post-title":"","ast-breadcrumbs-content":"","ast-featured-img":"","footer-sml-layout":"","theme-transparent-header-meta":"","adv-header-id-meta":"","stick-header-meta":"","header-above-stick-meta":"","header-main-stick-meta":"","header-below-stick-meta":"","astra-migrate-meta-layouts":"default","ast-page-background-enabled":"default","ast-page-background-meta":{"desktop":{"background-color":"var(--ast-global-color-4)","background-image":"","background-repeat":"repeat","background-position":"center center","background-size":"auto","background-attachment":"scroll","background-type":"","background-media":"","overlay-type":"","overlay-color":"","overlay-gradient":""},"tablet":{"background-color":"","background-image":"","background-repeat":"repeat","background-position":"center center","background-size":"auto","background-attachment":"scroll","background-type":"","background-media":"","overlay-type":"","overlay-color":"","overlay-gradient":""},"mobile":{"background-color":"","background-image":"","background-repeat":"repeat","background-position":"center center","background-size":"auto","background-attachment":"scroll","background-type":"","background-media":"","overlay-type":"","overlay-color":"","overlay-gradient":""}},"ast-content-background-meta":{"desktop":{"background-color":"var(--ast-global-color-5)","background-image":"","background-repeat":"repeat","background-position":"center center","background-size":"auto","background-attachment":"scroll","background-type":"","background-media":"","overlay-type":"","overlay-color":"","overlay-gradient":""},"tablet":{"background-color":"var(--ast-global-color-5)","background-image":"","background-repeat":"repeat","background-position":"center center","background-size":"auto","background-attachment":"scroll","background-type":"","background-media":"","overlay-type":"","overlay-color":"","overlay-gradient":""},"mobile":{"background-color":"var(--ast-global-color-5)","background-image":"","background-repeat":"repeat","background-position":"center center","background-size":"auto","background-attachment":"scroll","background-type":"","background-media":"","overlay-type":"","overlay-color":"","overlay-gradient":""}},"footnotes":""},"categories":[863,17,20,977],"tags":[40053,3639,46624,46622,46623,35073],"class_list":["post-14491","post","type-post","status-publish","format-standard","hentry","category-compuestos-organometalicos","category-quimica","category-quimica-inorganica","category-santiago-de-compostela","tag-agustin-sanchez-diaz","tag-alvaro-bernalte-garcia","tag-fernandez-sanchez-jesus-jose","tag-gemma-alberdi-fernandez","tag-joan-albert-mach","tag-jose-manuel-vila-abad"],"_links":{"self":[{"href":"https:\/\/www.deberes.net\/tesis\/wp-json\/wp\/v2\/posts\/14491","targetHints":{"allow":["GET"]}}],"collection":[{"href":"https:\/\/www.deberes.net\/tesis\/wp-json\/wp\/v2\/posts"}],"about":[{"href":"https:\/\/www.deberes.net\/tesis\/wp-json\/wp\/v2\/types\/post"}],"author":[{"embeddable":true,"href":"https:\/\/www.deberes.net\/tesis\/wp-json\/wp\/v2\/users\/1"}],"replies":[{"embeddable":true,"href":"https:\/\/www.deberes.net\/tesis\/wp-json\/wp\/v2\/comments?post=14491"}],"version-history":[{"count":0,"href":"https:\/\/www.deberes.net\/tesis\/wp-json\/wp\/v2\/posts\/14491\/revisions"}],"wp:attachment":[{"href":"https:\/\/www.deberes.net\/tesis\/wp-json\/wp\/v2\/media?parent=14491"}],"wp:term":[{"taxonomy":"category","embeddable":true,"href":"https:\/\/www.deberes.net\/tesis\/wp-json\/wp\/v2\/categories?post=14491"},{"taxonomy":"post_tag","embeddable":true,"href":"https:\/\/www.deberes.net\/tesis\/wp-json\/wp\/v2\/tags?post=14491"}],"curies":[{"name":"wp","href":"https:\/\/api.w.org\/{rel}","templated":true}]}}