{"id":144920,"date":"1993-01-01T00:00:00","date_gmt":"1993-01-01T00:00:00","guid":{"rendered":"https:\/\/www.deberes.net\/tesis\/sin-categoria\/els-connectors-des-del-punt-de-vista-funcional\/"},"modified":"1993-01-01T00:00:00","modified_gmt":"1993-01-01T00:00:00","slug":"els-connectors-des-del-punt-de-vista-funcional","status":"publish","type":"post","link":"https:\/\/www.deberes.net\/tesis\/linguistica\/els-connectors-des-del-punt-de-vista-funcional\/","title":{"rendered":"Els connectors des del punt de vista funcional."},"content":{"rendered":"<h2>Tesis doctoral de <strong> Xavier Luna Batle <\/strong><\/h2>\n<p>La teoria sistemico-funcional, ideada sobre todo por el linguista ingles m.A.K. Halliday, ofrece unos instrumentos de reflexion y de analisis linguisticos especialmente destacables por la consideracion de la lengua en el contexto social y por su aplicacion.  en este trabajo se presenta dicha teoria en el marco del estructuralismo funcionalista y una aproximacion a su aplicacion al catalan teniendo en cuenta especialmente la teoris del registro y las bases de la descripcion gramatical.  se centra posteriormente en el estudio de los conectores, que se enmarcan en la propuesta de analisis de las relaciones entre clausulas (parataxis e hipotaxis) y de las relaciones de cohesion (o textuales). Se discuten finalmente algunos aspectos de los conectores del catalan.<\/p>\n<p>&nbsp;<\/p>\n<h3>Datos acad\u00e9micos de la tesis doctoral \u00ab<strong>Els connectors des del punt de vista funcional.<\/strong>\u00ab<\/h3>\n<ul>\n<li><strong>T\u00edtulo de la tesis:<\/strong>\u00a0 Els connectors des del punt de vista funcional. <\/li>\n<li><strong>Autor:<\/strong>\u00a0 Xavier Luna Batle <\/li>\n<li><strong>Universidad:<\/strong>\u00a0 Aut\u00f3noma de barcelona<\/li>\n<li><strong>Fecha de lectura de la tesis:<\/strong>\u00a0 01\/01\/1993<\/li>\n<\/ul>\n<p>&nbsp;<\/p>\n<h3>Direcci\u00f3n y tribunal<\/h3>\n<ul>\n<li><strong>Director de la tesis<\/strong>\n<ul>\n<li>Joan Mascar\u00f3 Altimiras<\/li>\n<\/ul>\n<\/li>\n<li><strong>Tribunal<\/strong>\n<ul>\n<li>Presidente del tribunal: Joan-albert Argenter Giralt <\/li>\n<li>Amadeu Viana San Andres (vocal)<\/li>\n<li> Brucart Marraco Josep Mar\u00eda (vocal)<\/li>\n<li>Llu\u00eds Payrat\u00f3 Gim\u00e9nez (vocal)<\/li>\n<\/ul>\n<\/li>\n<\/ul>\n<p>&nbsp;<\/p>\n","protected":false},"excerpt":{"rendered":"<p>Tesis doctoral de Xavier Luna Batle La teoria sistemico-funcional, ideada sobre todo por el linguista ingles m.A.K. Halliday, ofrece unos [&hellip;]<\/p>\n","protected":false},"author":1,"featured_media":0,"comment_status":"open","ping_status":"open","sticky":false,"template":"","format":"standard","meta":{"site-sidebar-layout":"default","site-content-layout":"","ast-site-content-layout":"","site-content-style":"default","site-sidebar-style":"default","ast-global-header-display":"","ast-banner-title-visibility":"","ast-main-header-display":"","ast-hfb-above-header-display":"","ast-hfb-below-header-display":"","ast-hfb-mobile-header-display":"","site-post-title":"","ast-breadcrumbs-content":"","ast-featured-img":"","footer-sml-layout":"","theme-transparent-header-meta":"","adv-header-id-meta":"","stick-header-meta":"","header-above-stick-meta":"","header-main-stick-meta":"","header-below-stick-meta":"","astra-migrate-meta-layouts":"default","ast-page-background-enabled":"default","ast-page-background-meta":{"desktop":{"background-color":"var(--ast-global-color-4)","background-image":"","background-repeat":"repeat","background-position":"center center","background-size":"auto","background-attachment":"scroll","background-type":"","background-media":"","overlay-type":"","overlay-color":"","overlay-gradient":""},"tablet":{"background-color":"","background-image":"","background-repeat":"repeat","background-position":"center center","background-size":"auto","background-attachment":"scroll","background-type":"","background-media":"","overlay-type":"","overlay-color":"","overlay-gradient":""},"mobile":{"background-color":"","background-image":"","background-repeat":"repeat","background-position":"center center","background-size":"auto","background-attachment":"scroll","background-type":"","background-media":"","overlay-type":"","overlay-color":"","overlay-gradient":""}},"ast-content-background-meta":{"desktop":{"background-color":"var(--ast-global-color-5)","background-image":"","background-repeat":"repeat","background-position":"center center","background-size":"auto","background-attachment":"scroll","background-type":"","background-media":"","overlay-type":"","overlay-color":"","overlay-gradient":""},"tablet":{"background-color":"var(--ast-global-color-5)","background-image":"","background-repeat":"repeat","background-position":"center center","background-size":"auto","background-attachment":"scroll","background-type":"","background-media":"","overlay-type":"","overlay-color":"","overlay-gradient":""},"mobile":{"background-color":"var(--ast-global-color-5)","background-image":"","background-repeat":"repeat","background-position":"center center","background-size":"auto","background-attachment":"scroll","background-type":"","background-media":"","overlay-type":"","overlay-color":"","overlay-gradient":""}},"footnotes":""},"categories":[59,62,409,3016],"tags":[11474,35037,101146,48716,11476,58966],"class_list":["post-144920","post","type-post","status-publish","format-standard","hentry","category-linguistica","category-linguistica-sincronica","category-sintaxis-y-analisis-sintactico","category-teoria-linguistica","tag-amadeu-viana-san-andres","tag-brucart-marraco-josep-maria","tag-joan-mascaro-altimiras","tag-joan-albert-argenter-giralt","tag-lluis-payrato-gimenez","tag-xavier-luna-batle"],"_links":{"self":[{"href":"https:\/\/www.deberes.net\/tesis\/wp-json\/wp\/v2\/posts\/144920","targetHints":{"allow":["GET"]}}],"collection":[{"href":"https:\/\/www.deberes.net\/tesis\/wp-json\/wp\/v2\/posts"}],"about":[{"href":"https:\/\/www.deberes.net\/tesis\/wp-json\/wp\/v2\/types\/post"}],"author":[{"embeddable":true,"href":"https:\/\/www.deberes.net\/tesis\/wp-json\/wp\/v2\/users\/1"}],"replies":[{"embeddable":true,"href":"https:\/\/www.deberes.net\/tesis\/wp-json\/wp\/v2\/comments?post=144920"}],"version-history":[{"count":0,"href":"https:\/\/www.deberes.net\/tesis\/wp-json\/wp\/v2\/posts\/144920\/revisions"}],"wp:attachment":[{"href":"https:\/\/www.deberes.net\/tesis\/wp-json\/wp\/v2\/media?parent=144920"}],"wp:term":[{"taxonomy":"category","embeddable":true,"href":"https:\/\/www.deberes.net\/tesis\/wp-json\/wp\/v2\/categories?post=144920"},{"taxonomy":"post_tag","embeddable":true,"href":"https:\/\/www.deberes.net\/tesis\/wp-json\/wp\/v2\/tags?post=144920"}],"curies":[{"name":"wp","href":"https:\/\/api.w.org\/{rel}","templated":true}]}}