{"id":144949,"date":"1993-01-01T00:00:00","date_gmt":"1993-01-01T00:00:00","guid":{"rendered":"https:\/\/www.deberes.net\/tesis\/sin-categoria\/contribucion-al-estudio-de-la-patologia-de-alta-montana\/"},"modified":"1993-01-01T00:00:00","modified_gmt":"1993-01-01T00:00:00","slug":"contribucion-al-estudio-de-la-patologia-de-alta-montana","status":"publish","type":"post","link":"https:\/\/www.deberes.net\/tesis\/ciencias-medicas\/contribucion-al-estudio-de-la-patologia-de-alta-montana\/","title":{"rendered":"Contribucion al estudio de la patolog\u00eda de alta monta\u00f1a."},"content":{"rendered":"<h2>Tesis doctoral de <strong> Manuel Mateu Ratera <\/strong><\/h2>\n<p>Objetivos: valorar la patolog\u00eda de altitud de nuestros propios monta\u00f1eros, valorar la presencia del medico en las expediciones, la mortalidad por enfermedad y accidentes deducir medidas de prevencion y conocer las terapeuticas complementarias utilizadas en el tratamiento del mal de monta\u00f1a y de accidentes. Material: monta\u00f1eros del estado espa\u00f1ol y del principado de andorra que han superado los 5000 m.  metodo: encuesta-questionario de entrevista clinica por correspondencia; informacion de parte de la federacion espa\u00f1ola de monta\u00f1ismo. Es un estudio exploratorio con valoracion mono i bivariante de los datos.  resultados: se valoran los datos obtenidos en los siguientes temas explorados:  mal de monta\u00f1a, edema pulmonar y cerebral de altitud, alteraciones de la vision y hemorragias refinianas, insolacion, conjuntivitis solar; sutura de heridas, extraccion o cura dental, intervenciones quirurgicas, congelaciones, accidentes, y opinion sobre la presencia del medico en las expediciones de alta monta\u00f1a.  finalmente un anexo donde se recogen todas las aportaciones personales de otros sintomas. Conclusiones finales referentes a los apartados anteriores.<\/p>\n<p>&nbsp;<\/p>\n<h3>Datos acad\u00e9micos de la tesis doctoral \u00ab<strong>Contribucion al estudio de la patolog\u00eda de alta monta\u00f1a.<\/strong>\u00ab<\/h3>\n<ul>\n<li><strong>T\u00edtulo de la tesis:<\/strong>\u00a0 Contribucion al estudio de la patolog\u00eda de alta monta\u00f1a. <\/li>\n<li><strong>Autor:<\/strong>\u00a0 Manuel Mateu Ratera <\/li>\n<li><strong>Universidad:<\/strong>\u00a0 Aut\u00f3noma de barcelona<\/li>\n<li><strong>Fecha de lectura de la tesis:<\/strong>\u00a0 01\/01\/1993<\/li>\n<\/ul>\n<p>&nbsp;<\/p>\n<h3>Direcci\u00f3n y tribunal<\/h3>\n<ul>\n<li><strong>Director de la tesis<\/strong>\n<ul>\n<li>Marius Foz Sala<\/li>\n<\/ul>\n<\/li>\n<li><strong>Tribunal<\/strong>\n<ul>\n<li>Presidente del tribunal: Celestino Rey-joly Barroso <\/li>\n<li>Ramon Balius I (vocal)<\/li>\n<li>Claudio Fauli Trillo (vocal)<\/li>\n<li> Battestini I Pons Rafael (vocal)<\/li>\n<\/ul>\n<\/li>\n<\/ul>\n<p>&nbsp;<\/p>\n","protected":false},"excerpt":{"rendered":"<p>Tesis doctoral de Manuel Mateu Ratera Objetivos: valorar la patolog\u00eda de altitud de nuestros propios monta\u00f1eros, valorar la presencia del [&hellip;]<\/p>\n","protected":false},"author":1,"featured_media":0,"comment_status":"open","ping_status":"open","sticky":false,"template":"","format":"standard","meta":{"site-sidebar-layout":"default","site-content-layout":"","ast-site-content-layout":"","site-content-style":"default","site-sidebar-style":"default","ast-global-header-display":"","ast-banner-title-visibility":"","ast-main-header-display":"","ast-hfb-above-header-display":"","ast-hfb-below-header-display":"","ast-hfb-mobile-header-display":"","site-post-title":"","ast-breadcrumbs-content":"","ast-featured-img":"","footer-sml-layout":"","theme-transparent-header-meta":"","adv-header-id-meta":"","stick-header-meta":"","header-above-stick-meta":"","header-main-stick-meta":"","header-below-stick-meta":"","astra-migrate-meta-layouts":"default","ast-page-background-enabled":"default","ast-page-background-meta":{"desktop":{"background-color":"var(--ast-global-color-4)","background-image":"","background-repeat":"repeat","background-position":"center center","background-size":"auto","background-attachment":"scroll","background-type":"","background-media":"","overlay-type":"","overlay-color":"","overlay-gradient":""},"tablet":{"background-color":"","background-image":"","background-repeat":"repeat","background-position":"center center","background-size":"auto","background-attachment":"scroll","background-type":"","background-media":"","overlay-type":"","overlay-color":"","overlay-gradient":""},"mobile":{"background-color":"","background-image":"","background-repeat":"repeat","background-position":"center center","background-size":"auto","background-attachment":"scroll","background-type":"","background-media":"","overlay-type":"","overlay-color":"","overlay-gradient":""}},"ast-content-background-meta":{"desktop":{"background-color":"var(--ast-global-color-5)","background-image":"","background-repeat":"repeat","background-position":"center center","background-size":"auto","background-attachment":"scroll","background-type":"","background-media":"","overlay-type":"","overlay-color":"","overlay-gradient":""},"tablet":{"background-color":"var(--ast-global-color-5)","background-image":"","background-repeat":"repeat","background-position":"center center","background-size":"auto","background-attachment":"scroll","background-type":"","background-media":"","overlay-type":"","overlay-color":"","overlay-gradient":""},"mobile":{"background-color":"var(--ast-global-color-5)","background-image":"","background-repeat":"repeat","background-position":"center center","background-size":"auto","background-attachment":"scroll","background-type":"","background-media":"","overlay-type":"","overlay-color":"","overlay-gradient":""}},"footnotes":""},"categories":[35,9,3664,817,156],"tags":[259810,1492,366,259808,14040,259809],"class_list":["post-144949","post","type-post","status-publish","format-standard","hentry","category-ciencias-de-la-vida","category-ciencias-medicas","category-fisiologia-del-ejercicio","category-fisiologia-humana","category-patologia","tag-battestini-i-pons-rafael","tag-celestino-rey-joly-barroso","tag-claudio-fauli-trillo","tag-manuel-mateu-ratera","tag-marius-foz-sala","tag-ramon-balius-i"],"_links":{"self":[{"href":"https:\/\/www.deberes.net\/tesis\/wp-json\/wp\/v2\/posts\/144949","targetHints":{"allow":["GET"]}}],"collection":[{"href":"https:\/\/www.deberes.net\/tesis\/wp-json\/wp\/v2\/posts"}],"about":[{"href":"https:\/\/www.deberes.net\/tesis\/wp-json\/wp\/v2\/types\/post"}],"author":[{"embeddable":true,"href":"https:\/\/www.deberes.net\/tesis\/wp-json\/wp\/v2\/users\/1"}],"replies":[{"embeddable":true,"href":"https:\/\/www.deberes.net\/tesis\/wp-json\/wp\/v2\/comments?post=144949"}],"version-history":[{"count":0,"href":"https:\/\/www.deberes.net\/tesis\/wp-json\/wp\/v2\/posts\/144949\/revisions"}],"wp:attachment":[{"href":"https:\/\/www.deberes.net\/tesis\/wp-json\/wp\/v2\/media?parent=144949"}],"wp:term":[{"taxonomy":"category","embeddable":true,"href":"https:\/\/www.deberes.net\/tesis\/wp-json\/wp\/v2\/categories?post=144949"},{"taxonomy":"post_tag","embeddable":true,"href":"https:\/\/www.deberes.net\/tesis\/wp-json\/wp\/v2\/tags?post=144949"}],"curies":[{"name":"wp","href":"https:\/\/api.w.org\/{rel}","templated":true}]}}