{"id":145022,"date":"1993-01-01T00:00:00","date_gmt":"1993-01-01T00:00:00","guid":{"rendered":"https:\/\/www.deberes.net\/tesis\/sin-categoria\/estudio-inmunoquimico-de-la-soja-causante-de-la-epidemia-de-asma-en-barcelona-en-sept-87\/"},"modified":"1993-01-01T00:00:00","modified_gmt":"1993-01-01T00:00:00","slug":"estudio-inmunoquimico-de-la-soja-causante-de-la-epidemia-de-asma-en-barcelona-en-sept-87","status":"publish","type":"post","link":"https:\/\/www.deberes.net\/tesis\/ciencias-medicas\/estudio-inmunoquimico-de-la-soja-causante-de-la-epidemia-de-asma-en-barcelona-en-sept-87\/","title":{"rendered":"Estudio inmunoquimico de la soja causante de la epidemia de asma en barcelona en sept. 87."},"content":{"rendered":"<h2>Tesis doctoral de <strong> Esther Pinto Nogues <\/strong><\/h2>\n<p>En este estudio se han investigado las propiedades inminoquimicas de 4 muestras diferentes de soja: polvo (de dos filtros diferentes) cascara y haba completa, tomados de la descarga efectuada en el puerto de barcelonaaen septiembre de 1987. El polvo de soja (origen de las crisis), mostro el mayor grado de reactividad alergenica tanto \u00abin vivo\u00bb como \u00abin vitro\u00bb, efectuado con un grupo de pacientes afectados. Todos los extractos mostraron un alto grado de termoestabilidad. El extracto de polvo de soja se estudio mas en profundidad con tecnicas de reciente implantacion. Por inmunobloting sds-page (glicina y tricina) se detectaron 6 proteinas alergenicas com pm de 21,4; 19,1: 17,0; 14,0; 10,0; y 6,3 kd. La alergenicidad de las proteinas nativas se ensayo \u00abin vivo\u00bb e \u00abin vitro\u00bb sobre las fracciones purificadas en cromatografia de tamizado molecular preparativa (sephacryl s-200 hr) y micropreperativa de alta resolucion (smart superdex 75 column.) Las fracciones de 22-25 y 13-14 fueron las mas alergenicas.<\/p>\n<p>&nbsp;<\/p>\n<h3>Datos acad\u00e9micos de la tesis doctoral \u00ab<strong>Estudio inmunoquimico de la soja causante de la epidemia de asma en barcelona en sept. 87.<\/strong>\u00ab<\/h3>\n<ul>\n<li><strong>T\u00edtulo de la tesis:<\/strong>\u00a0 Estudio inmunoquimico de la soja causante de la epidemia de asma en barcelona en sept. 87. <\/li>\n<li><strong>Autor:<\/strong>\u00a0 Esther Pinto Nogues <\/li>\n<li><strong>Universidad:<\/strong>\u00a0 Aut\u00f3noma de barcelona<\/li>\n<li><strong>Fecha de lectura de la tesis:<\/strong>\u00a0 01\/01\/1993<\/li>\n<\/ul>\n<p>&nbsp;<\/p>\n<h3>Direcci\u00f3n y tribunal<\/h3>\n<ul>\n<li><strong>Director de la tesis<\/strong>\n<ul>\n<li>Raimond Cornudella Mir<\/li>\n<\/ul>\n<\/li>\n<li><strong>Tribunal<\/strong>\n<ul>\n<li>Presidente del tribunal: Mar\u00eda Anunciaci\u00f3n Mart\u00edn Mateos <\/li>\n<li>Jos\u00e9 Martinez Quesada (vocal)<\/li>\n<li>Jos\u00e9 M Pou Torell\u00f3 (vocal)<\/li>\n<li> Garcia Ortega Mar\u00eda  Pilar (vocal)<\/li>\n<\/ul>\n<\/li>\n<\/ul>\n<p>&nbsp;<\/p>\n","protected":false},"excerpt":{"rendered":"<p>Tesis doctoral de Esther Pinto Nogues En este estudio se han investigado las propiedades inminoquimicas de 4 muestras diferentes de [&hellip;]<\/p>\n","protected":false},"author":1,"featured_media":0,"comment_status":"open","ping_status":"open","sticky":false,"template":"","format":"standard","meta":{"site-sidebar-layout":"default","site-content-layout":"","ast-site-content-layout":"","site-content-style":"default","site-sidebar-style":"default","ast-global-header-display":"","ast-banner-title-visibility":"","ast-main-header-display":"","ast-hfb-above-header-display":"","ast-hfb-below-header-display":"","ast-hfb-mobile-header-display":"","site-post-title":"","ast-breadcrumbs-content":"","ast-featured-img":"","footer-sml-layout":"","theme-transparent-header-meta":"","adv-header-id-meta":"","stick-header-meta":"","header-above-stick-meta":"","header-main-stick-meta":"","header-below-stick-meta":"","astra-migrate-meta-layouts":"default","ast-page-background-enabled":"default","ast-page-background-meta":{"desktop":{"background-color":"var(--ast-global-color-4)","background-image":"","background-repeat":"repeat","background-position":"center center","background-size":"auto","background-attachment":"scroll","background-type":"","background-media":"","overlay-type":"","overlay-color":"","overlay-gradient":""},"tablet":{"background-color":"","background-image":"","background-repeat":"repeat","background-position":"center center","background-size":"auto","background-attachment":"scroll","background-type":"","background-media":"","overlay-type":"","overlay-color":"","overlay-gradient":""},"mobile":{"background-color":"","background-image":"","background-repeat":"repeat","background-position":"center center","background-size":"auto","background-attachment":"scroll","background-type":"","background-media":"","overlay-type":"","overlay-color":"","overlay-gradient":""}},"ast-content-background-meta":{"desktop":{"background-color":"var(--ast-global-color-5)","background-image":"","background-repeat":"repeat","background-position":"center center","background-size":"auto","background-attachment":"scroll","background-type":"","background-media":"","overlay-type":"","overlay-color":"","overlay-gradient":""},"tablet":{"background-color":"var(--ast-global-color-5)","background-image":"","background-repeat":"repeat","background-position":"center center","background-size":"auto","background-attachment":"scroll","background-type":"","background-media":"","overlay-type":"","overlay-color":"","overlay-gradient":""},"mobile":{"background-color":"var(--ast-global-color-5)","background-image":"","background-repeat":"repeat","background-position":"center center","background-size":"auto","background-attachment":"scroll","background-type":"","background-media":"","overlay-type":"","overlay-color":"","overlay-gradient":""}},"footnotes":""},"categories":[1957,9,156],"tags":[259888,259890,13647,259889,19995,1042],"class_list":["post-145022","post","type-post","status-publish","format-standard","hentry","category-alergias","category-ciencias-medicas","category-patologia","tag-esther-pinto-nogues","tag-garcia-ortega-maria-pilar","tag-jose-m-pou-torello","tag-jose-Martinez-quesada","tag-maria-anunciacion-martin-mateos","tag-raimond-cornudella-mir"],"_links":{"self":[{"href":"https:\/\/www.deberes.net\/tesis\/wp-json\/wp\/v2\/posts\/145022","targetHints":{"allow":["GET"]}}],"collection":[{"href":"https:\/\/www.deberes.net\/tesis\/wp-json\/wp\/v2\/posts"}],"about":[{"href":"https:\/\/www.deberes.net\/tesis\/wp-json\/wp\/v2\/types\/post"}],"author":[{"embeddable":true,"href":"https:\/\/www.deberes.net\/tesis\/wp-json\/wp\/v2\/users\/1"}],"replies":[{"embeddable":true,"href":"https:\/\/www.deberes.net\/tesis\/wp-json\/wp\/v2\/comments?post=145022"}],"version-history":[{"count":0,"href":"https:\/\/www.deberes.net\/tesis\/wp-json\/wp\/v2\/posts\/145022\/revisions"}],"wp:attachment":[{"href":"https:\/\/www.deberes.net\/tesis\/wp-json\/wp\/v2\/media?parent=145022"}],"wp:term":[{"taxonomy":"category","embeddable":true,"href":"https:\/\/www.deberes.net\/tesis\/wp-json\/wp\/v2\/categories?post=145022"},{"taxonomy":"post_tag","embeddable":true,"href":"https:\/\/www.deberes.net\/tesis\/wp-json\/wp\/v2\/tags?post=145022"}],"curies":[{"name":"wp","href":"https:\/\/api.w.org\/{rel}","templated":true}]}}