{"id":145070,"date":"1993-01-01T00:00:00","date_gmt":"1993-01-01T00:00:00","guid":{"rendered":"https:\/\/www.deberes.net\/tesis\/sin-categoria\/la-capacidad-funcional-de-las-personas-de-65-o-mas-anos-no-institucionalizadas\/"},"modified":"1993-01-01T00:00:00","modified_gmt":"1993-01-01T00:00:00","slug":"la-capacidad-funcional-de-las-personas-de-65-o-mas-anos-no-institucionalizadas","status":"publish","type":"post","link":"https:\/\/www.deberes.net\/tesis\/ciencias-medicas\/la-capacidad-funcional-de-las-personas-de-65-o-mas-anos-no-institucionalizadas\/","title":{"rendered":"La capacidad funcional de las personas de 65 o mas a\u00f1os no institucionalizadas."},"content":{"rendered":"<h2>Tesis doctoral de <strong>  Ruigomez Sanchez Ana Luisa <\/strong><\/h2>\n<p>Con la finalidad de describir la salud y la capacidad funcional de los ancianos y evaluar la relevancia y validez de un instrumento especifico de medida de la misma, se llevo a cabo un estudio transversal de una muestra representativa de personas de 65 o mas a\u00f1os residentes en barcelona (n=1.317). Se realizo un seguimiento de esta cohorte y tras un tiempo medio de 55,7 meses, el 19,8% (261) habia fallecido.  la gran mayoria de las personas entrevistadas declaro ser independiente para realizar por si solo las actividades basicas (avd-b) el 63% e, instrumentales de la vida diaria (avd-i) ek 87%.  las personas que declararon dificultad o dependencia en alguna avd-b o avd-i eran significativamente mas ancianas y con peor salud general.  se observa como el riesgo de morir se fue incrementando conforme aumentaba la discapacidad (es decir de dificultat a dependencia), asi como al aumentar el numero actividades de la vida diaria limitadas.  los resultados concluyen que la informacion obtenida a traves de la evaluacion de la capacidad en la avd basicas es valida y relevante para la evaluacion del estado de salud en los ancianos en la comunidad. Pues como ha quedado demostrado este indicador se asocia fuertemente con los demas indicadores de morbilidad y con la mortalidad.<\/p>\n<p>&nbsp;<\/p>\n<h3>Datos acad\u00e9micos de la tesis doctoral \u00ab<strong>La capacidad funcional de las personas de 65 o mas a\u00f1os no institucionalizadas.<\/strong>\u00ab<\/h3>\n<ul>\n<li><strong>T\u00edtulo de la tesis:<\/strong>\u00a0 La capacidad funcional de las personas de 65 o mas a\u00f1os no institucionalizadas. <\/li>\n<li><strong>Autor:<\/strong>\u00a0  Ruigomez Sanchez Ana Luisa <\/li>\n<li><strong>Universidad:<\/strong>\u00a0 Aut\u00f3noma de barcelona<\/li>\n<li><strong>Fecha de lectura de la tesis:<\/strong>\u00a0 01\/01\/1993<\/li>\n<\/ul>\n<p>&nbsp;<\/p>\n<h3>Direcci\u00f3n y tribunal<\/h3>\n<ul>\n<li><strong>Director de la tesis<\/strong>\n<ul>\n<li>Jorge Alonso Caballero<\/li>\n<\/ul>\n<\/li>\n<li><strong>Tribunal<\/strong>\n<ul>\n<li>Presidente del tribunal: Vicente Dom\u00ednguez Rojas <\/li>\n<li>Jos\u00e9 Mar\u00eda Mart\u00edn Moreno (vocal)<\/li>\n<li>Alex Kalache (vocal)<\/li>\n<li>Miquel Porta Serra (vocal)<\/li>\n<\/ul>\n<\/li>\n<\/ul>\n<p>&nbsp;<\/p>\n","protected":false},"excerpt":{"rendered":"<p>Tesis doctoral de Ruigomez Sanchez Ana Luisa Con la finalidad de describir la salud y la capacidad funcional de los [&hellip;]<\/p>\n","protected":false},"author":1,"featured_media":0,"comment_status":"open","ping_status":"open","sticky":false,"template":"","format":"standard","meta":{"site-sidebar-layout":"default","site-content-layout":"","ast-site-content-layout":"","site-content-style":"default","site-sidebar-style":"default","ast-global-header-display":"","ast-banner-title-visibility":"","ast-main-header-display":"","ast-hfb-above-header-display":"","ast-hfb-below-header-display":"","ast-hfb-mobile-header-display":"","site-post-title":"","ast-breadcrumbs-content":"","ast-featured-img":"","footer-sml-layout":"","theme-transparent-header-meta":"","adv-header-id-meta":"","stick-header-meta":"","header-above-stick-meta":"","header-main-stick-meta":"","header-below-stick-meta":"","astra-migrate-meta-layouts":"default","ast-page-background-enabled":"default","ast-page-background-meta":{"desktop":{"background-color":"var(--ast-global-color-4)","background-image":"","background-repeat":"repeat","background-position":"center center","background-size":"auto","background-attachment":"scroll","background-type":"","background-media":"","overlay-type":"","overlay-color":"","overlay-gradient":""},"tablet":{"background-color":"","background-image":"","background-repeat":"repeat","background-position":"center center","background-size":"auto","background-attachment":"scroll","background-type":"","background-media":"","overlay-type":"","overlay-color":"","overlay-gradient":""},"mobile":{"background-color":"","background-image":"","background-repeat":"repeat","background-position":"center center","background-size":"auto","background-attachment":"scroll","background-type":"","background-media":"","overlay-type":"","overlay-color":"","overlay-gradient":""}},"ast-content-background-meta":{"desktop":{"background-color":"var(--ast-global-color-5)","background-image":"","background-repeat":"repeat","background-position":"center center","background-size":"auto","background-attachment":"scroll","background-type":"","background-media":"","overlay-type":"","overlay-color":"","overlay-gradient":""},"tablet":{"background-color":"var(--ast-global-color-5)","background-image":"","background-repeat":"repeat","background-position":"center center","background-size":"auto","background-attachment":"scroll","background-type":"","background-media":"","overlay-type":"","overlay-color":"","overlay-gradient":""},"mobile":{"background-color":"var(--ast-global-color-5)","background-image":"","background-repeat":"repeat","background-position":"center center","background-size":"auto","background-attachment":"scroll","background-type":"","background-media":"","overlay-type":"","overlay-color":"","overlay-gradient":""}},"footnotes":""},"categories":[155,9,8607,967],"tags":[259955,13664,8053,29202,259954,2687],"class_list":["post-145070","post","type-post","status-publish","format-standard","hentry","category-ciencias-clinicas","category-ciencias-medicas","category-geriatria","category-salud-publica","tag-alex-kalache","tag-jorge-alonso-caballero","tag-jose-maria-martin-moreno","tag-miquel-porta-serra","tag-ruigomez-sanchez-ana-luisa","tag-vicente-dominguez-rojas"],"_links":{"self":[{"href":"https:\/\/www.deberes.net\/tesis\/wp-json\/wp\/v2\/posts\/145070","targetHints":{"allow":["GET"]}}],"collection":[{"href":"https:\/\/www.deberes.net\/tesis\/wp-json\/wp\/v2\/posts"}],"about":[{"href":"https:\/\/www.deberes.net\/tesis\/wp-json\/wp\/v2\/types\/post"}],"author":[{"embeddable":true,"href":"https:\/\/www.deberes.net\/tesis\/wp-json\/wp\/v2\/users\/1"}],"replies":[{"embeddable":true,"href":"https:\/\/www.deberes.net\/tesis\/wp-json\/wp\/v2\/comments?post=145070"}],"version-history":[{"count":0,"href":"https:\/\/www.deberes.net\/tesis\/wp-json\/wp\/v2\/posts\/145070\/revisions"}],"wp:attachment":[{"href":"https:\/\/www.deberes.net\/tesis\/wp-json\/wp\/v2\/media?parent=145070"}],"wp:term":[{"taxonomy":"category","embeddable":true,"href":"https:\/\/www.deberes.net\/tesis\/wp-json\/wp\/v2\/categories?post=145070"},{"taxonomy":"post_tag","embeddable":true,"href":"https:\/\/www.deberes.net\/tesis\/wp-json\/wp\/v2\/tags?post=145070"}],"curies":[{"name":"wp","href":"https:\/\/api.w.org\/{rel}","templated":true}]}}