{"id":145099,"date":"1993-01-01T00:00:00","date_gmt":"1993-01-01T00:00:00","guid":{"rendered":"https:\/\/www.deberes.net\/tesis\/sin-categoria\/tecnicas-de-diagnostico-etiologico-en-las-neumonias-adquiridas-en-las-unidades-de-cuidados-intensivos\/"},"modified":"1993-01-01T00:00:00","modified_gmt":"1993-01-01T00:00:00","slug":"tecnicas-de-diagnostico-etiologico-en-las-neumonias-adquiridas-en-las-unidades-de-cuidados-intensivos","status":"publish","type":"post","link":"https:\/\/www.deberes.net\/tesis\/ciencias-medicas\/tecnicas-de-diagnostico-etiologico-en-las-neumonias-adquiridas-en-las-unidades-de-cuidados-intensivos\/","title":{"rendered":"Tecnicas de diagnostico etiologico en las neumonias adquiridas en las unidades de cuidados intensivos."},"content":{"rendered":"<h2>Tesis doctoral de <strong> Joaquim Serra Vich <\/strong><\/h2>\n<p>La importancia del diagnostico etiologico en la neumonia adquirida en las unidades de cuidados intensivos, radica en poder asegurar o descartar el diagnostico de neumonia e instaurar un tratamiento mas especifico y eficaz.  objetivo: valorar el rendimiento de las tecnicas de diagnostico etiologico.  se estudiaron de forma prospectiva durante un a\u00f1o, en 168 pacientes, 185 episodios de neumonia adquirida en unidades de cuidados intensivos, con diagnostico etiologico de alta probabilidad. Las tecnicas diagnosticas mas frecuentemente realizadas fueron el hemocultivo, el esputo-aspirado traqueal y el cateter telescopado protegido. El cateter telescopado protegido y el lavado broncoalveolar tuvieron una sensibilidad superior a la de las tecnicas clasicas (hemocultivo, esputo-aspirado traqueal, liquido pleural y serolog\u00eda) tanto a nivel global como en los grupos de neumonia estudiados (segun etiolog\u00eda, caracteristicas radiologicas, ventilacion mecanica y patolog\u00eda respiratoria cronica). Las tecnicas con un mayor numero de resultados falsos fueron el hemocultivo y la serolog\u00eda.<\/p>\n<p>&nbsp;<\/p>\n<h3>Datos acad\u00e9micos de la tesis doctoral \u00ab<strong>Tecnicas de diagnostico etiologico en las neumonias adquiridas en las unidades de cuidados intensivos.<\/strong>\u00ab<\/h3>\n<ul>\n<li><strong>T\u00edtulo de la tesis:<\/strong>\u00a0 Tecnicas de diagnostico etiologico en las neumonias adquiridas en las unidades de cuidados intensivos. <\/li>\n<li><strong>Autor:<\/strong>\u00a0 Joaquim Serra Vich <\/li>\n<li><strong>Universidad:<\/strong>\u00a0 Aut\u00f3noma de barcelona<\/li>\n<li><strong>Fecha de lectura de la tesis:<\/strong>\u00a0 01\/01\/1993<\/li>\n<\/ul>\n<p>&nbsp;<\/p>\n<h3>Direcci\u00f3n y tribunal<\/h3>\n<ul>\n<li><strong>Director de la tesis<\/strong>\n<ul>\n<li>Jos\u00e9 Manuel Martinez Vazquez<\/li>\n<\/ul>\n<\/li>\n<li><strong>Tribunal<\/strong>\n<ul>\n<li>Presidente del tribunal: Josep Salva Miquel <\/li>\n<li>Miquel Vilardell Tarres (vocal)<\/li>\n<li>Luis Arcalis Arce (vocal)<\/li>\n<li>  (vocal)<\/li>\n<\/ul>\n<\/li>\n<\/ul>\n<p>&nbsp;<\/p>\n","protected":false},"excerpt":{"rendered":"<p>Tesis doctoral de Joaquim Serra Vich La importancia del diagnostico etiologico en la neumonia adquirida en las unidades de cuidados [&hellip;]<\/p>\n","protected":false},"author":1,"featured_media":0,"comment_status":"open","ping_status":"open","sticky":false,"template":"","format":"standard","meta":{"site-sidebar-layout":"default","site-content-layout":"","ast-site-content-layout":"","site-content-style":"default","site-sidebar-style":"default","ast-global-header-display":"","ast-banner-title-visibility":"","ast-main-header-display":"","ast-hfb-above-header-display":"","ast-hfb-below-header-display":"","ast-hfb-mobile-header-display":"","site-post-title":"","ast-breadcrumbs-content":"","ast-featured-img":"","footer-sml-layout":"","theme-transparent-header-meta":"","adv-header-id-meta":"","stick-header-meta":"","header-above-stick-meta":"","header-main-stick-meta":"","header-below-stick-meta":"","astra-migrate-meta-layouts":"default","ast-page-background-enabled":"default","ast-page-background-meta":{"desktop":{"background-color":"var(--ast-global-color-4)","background-image":"","background-repeat":"repeat","background-position":"center center","background-size":"auto","background-attachment":"scroll","background-type":"","background-media":"","overlay-type":"","overlay-color":"","overlay-gradient":""},"tablet":{"background-color":"","background-image":"","background-repeat":"repeat","background-position":"center center","background-size":"auto","background-attachment":"scroll","background-type":"","background-media":"","overlay-type":"","overlay-color":"","overlay-gradient":""},"mobile":{"background-color":"","background-image":"","background-repeat":"repeat","background-position":"center center","background-size":"auto","background-attachment":"scroll","background-type":"","background-media":"","overlay-type":"","overlay-color":"","overlay-gradient":""}},"ast-content-background-meta":{"desktop":{"background-color":"var(--ast-global-color-5)","background-image":"","background-repeat":"repeat","background-position":"center center","background-size":"auto","background-attachment":"scroll","background-type":"","background-media":"","overlay-type":"","overlay-color":"","overlay-gradient":""},"tablet":{"background-color":"var(--ast-global-color-5)","background-image":"","background-repeat":"repeat","background-position":"center center","background-size":"auto","background-attachment":"scroll","background-type":"","background-media":"","overlay-type":"","overlay-color":"","overlay-gradient":""},"mobile":{"background-color":"var(--ast-global-color-5)","background-image":"","background-repeat":"repeat","background-position":"center center","background-size":"auto","background-attachment":"scroll","background-type":"","background-media":"","overlay-type":"","overlay-color":"","overlay-gradient":""}},"footnotes":""},"categories":[9,12132,69,139],"tags":[259992,2869,90404,251679,13703],"class_list":["post-145099","post","type-post","status-publish","format-standard","hentry","category-ciencias-medicas","category-cuidados-intensivos","category-enfermedades-pulmonares","category-medicina-interna","tag-joaquim-serra-vich","tag-jose-manuel-Martinez-vazquez","tag-josep-salva-miquel","tag-luis-arcalis-arce","tag-miquel-vilardell-tarres"],"_links":{"self":[{"href":"https:\/\/www.deberes.net\/tesis\/wp-json\/wp\/v2\/posts\/145099","targetHints":{"allow":["GET"]}}],"collection":[{"href":"https:\/\/www.deberes.net\/tesis\/wp-json\/wp\/v2\/posts"}],"about":[{"href":"https:\/\/www.deberes.net\/tesis\/wp-json\/wp\/v2\/types\/post"}],"author":[{"embeddable":true,"href":"https:\/\/www.deberes.net\/tesis\/wp-json\/wp\/v2\/users\/1"}],"replies":[{"embeddable":true,"href":"https:\/\/www.deberes.net\/tesis\/wp-json\/wp\/v2\/comments?post=145099"}],"version-history":[{"count":0,"href":"https:\/\/www.deberes.net\/tesis\/wp-json\/wp\/v2\/posts\/145099\/revisions"}],"wp:attachment":[{"href":"https:\/\/www.deberes.net\/tesis\/wp-json\/wp\/v2\/media?parent=145099"}],"wp:term":[{"taxonomy":"category","embeddable":true,"href":"https:\/\/www.deberes.net\/tesis\/wp-json\/wp\/v2\/categories?post=145099"},{"taxonomy":"post_tag","embeddable":true,"href":"https:\/\/www.deberes.net\/tesis\/wp-json\/wp\/v2\/tags?post=145099"}],"curies":[{"name":"wp","href":"https:\/\/api.w.org\/{rel}","templated":true}]}}