{"id":145211,"date":"1993-01-01T00:00:00","date_gmt":"1993-01-01T00:00:00","guid":{"rendered":"https:\/\/www.deberes.net\/tesis\/sin-categoria\/una-lectura-desde-la-ecologia-humana-de-la-teoria-y-la-practica-del-desarrollo-sostenible-la-experiencia-de-donana\/"},"modified":"1993-01-01T00:00:00","modified_gmt":"1993-01-01T00:00:00","slug":"una-lectura-desde-la-ecologia-humana-de-la-teoria-y-la-practica-del-desarrollo-sostenible-la-experiencia-de-donana","status":"publish","type":"post","link":"https:\/\/www.deberes.net\/tesis\/ciencias-de-la-tierra-y-del-espacio\/una-lectura-desde-la-ecologia-humana-de-la-teoria-y-la-practica-del-desarrollo-sostenible-la-experiencia-de-donana\/","title":{"rendered":"Una lectura desde la ecolog\u00eda humana de la teoria y la practica del desarrollo sostenible: la experiencia de do\u00f1ana."},"content":{"rendered":"<h2>Tesis doctoral de <strong>  Cuerda Garcia Junceda Jos\u00e9 Carlos <\/strong><\/h2>\n<p>En la tesis se parte de una vision historica del ecosistema total de do\u00f1ana, para llegar al analisis de la situacion actual en su triple dimension ecologica, economica y social y a se\u00f1alar los elementos criticos que pueden obstaculizar la transicion de do\u00f1ana hacia estrategias de desarrollo sostenible. Se profundiza por tanto en el debate medioambiente-desarrollo economico, en la estructura y el funcionamiento ecologico del ecosistema total, en el estudio demografico de la poblacion humana, en el mercado de trabajo de do\u00f1ana, en las actitudes, propuestas y percepciones de la poblacion local, y se realiza una valoracion global de la estructura economica y social de do\u00f1ana para aprovechar el nuevo valor que adquiere en el sistema mundial a partir de la revalorizacion de su importantisimo patrimonio ambiental.<\/p>\n<p>&nbsp;<\/p>\n<h3>Datos acad\u00e9micos de la tesis doctoral \u00ab<strong>Una lectura desde la ecolog\u00eda humana de la teoria y la practica del desarrollo sostenible: la experiencia de do\u00f1ana.<\/strong>\u00ab<\/h3>\n<ul>\n<li><strong>T\u00edtulo de la tesis:<\/strong>\u00a0 Una lectura desde la ecolog\u00eda humana de la teoria y la practica del desarrollo sostenible: la experiencia de do\u00f1ana. <\/li>\n<li><strong>Autor:<\/strong>\u00a0  Cuerda Garcia Junceda Jos\u00e9 Carlos <\/li>\n<li><strong>Universidad:<\/strong>\u00a0 Aut\u00f3noma de Madrid<\/li>\n<li><strong>Fecha de lectura de la tesis:<\/strong>\u00a0 01\/01\/1993<\/li>\n<\/ul>\n<p>&nbsp;<\/p>\n<h3>Direcci\u00f3n y tribunal<\/h3>\n<ul>\n<li><strong>Director de la tesis<\/strong>\n<ul>\n<li>Manuel Castells Olivan<\/li>\n<\/ul>\n<\/li>\n<li><strong>Tribunal<\/strong>\n<ul>\n<li>Presidente del tribunal: Carlos Montes Del Olmo <\/li>\n<li>Pablo Bifani Consentini (vocal)<\/li>\n<li>Josefina Cruz Villal\u00f3n (vocal)<\/li>\n<li> Roman Del Rio Carlos (vocal)<\/li>\n<\/ul>\n<\/li>\n<\/ul>\n<p>&nbsp;<\/p>\n","protected":false},"excerpt":{"rendered":"<p>Tesis doctoral de Cuerda Garcia Junceda Jos\u00e9 Carlos En la tesis se parte de una vision historica del ecosistema total [&hellip;]<\/p>\n","protected":false},"author":1,"featured_media":0,"comment_status":"open","ping_status":"open","sticky":false,"template":"","format":"standard","meta":{"site-sidebar-layout":"default","site-content-layout":"","ast-site-content-layout":"","site-content-style":"default","site-sidebar-style":"default","ast-global-header-display":"","ast-banner-title-visibility":"","ast-main-header-display":"","ast-hfb-above-header-display":"","ast-hfb-below-header-display":"","ast-hfb-mobile-header-display":"","site-post-title":"","ast-breadcrumbs-content":"","ast-featured-img":"","footer-sml-layout":"","theme-transparent-header-meta":"","adv-header-id-meta":"","stick-header-meta":"","header-above-stick-meta":"","header-main-stick-meta":"","header-below-stick-meta":"","astra-migrate-meta-layouts":"default","ast-page-background-enabled":"default","ast-page-background-meta":{"desktop":{"background-color":"var(--ast-global-color-4)","background-image":"","background-repeat":"repeat","background-position":"center center","background-size":"auto","background-attachment":"scroll","background-type":"","background-media":"","overlay-type":"","overlay-color":"","overlay-gradient":""},"tablet":{"background-color":"","background-image":"","background-repeat":"repeat","background-position":"center center","background-size":"auto","background-attachment":"scroll","background-type":"","background-media":"","overlay-type":"","overlay-color":"","overlay-gradient":""},"mobile":{"background-color":"","background-image":"","background-repeat":"repeat","background-position":"center center","background-size":"auto","background-attachment":"scroll","background-type":"","background-media":"","overlay-type":"","overlay-color":"","overlay-gradient":""}},"ast-content-background-meta":{"desktop":{"background-color":"var(--ast-global-color-5)","background-image":"","background-repeat":"repeat","background-position":"center center","background-size":"auto","background-attachment":"scroll","background-type":"","background-media":"","overlay-type":"","overlay-color":"","overlay-gradient":""},"tablet":{"background-color":"var(--ast-global-color-5)","background-image":"","background-repeat":"repeat","background-position":"center center","background-size":"auto","background-attachment":"scroll","background-type":"","background-media":"","overlay-type":"","overlay-color":"","overlay-gradient":""},"mobile":{"background-color":"var(--ast-global-color-5)","background-image":"","background-repeat":"repeat","background-position":"center center","background-size":"auto","background-attachment":"scroll","background-type":"","background-media":"","overlay-type":"","overlay-color":"","overlay-gradient":""}},"footnotes":""},"categories":[27,5742,1399,17708,11756,3091],"tags":[5858,260136,6634,14330,45364,28281],"class_list":["post-145211","post","type-post","status-publish","format-standard","hentry","category-ciencias-de-la-tierra-y-del-espacio","category-ciencias-geograficas","category-geografia","category-geografia-de-los-recursos-naturales","category-geografia-del-desarrollo-regional","category-geografia-economica","tag-carlos-montes-del-olmo","tag-cuerda-garcia-junceda-jose-carlos","tag-josefina-cruz-villalon","tag-manuel-castells-olivan","tag-pablo-bifani-consentini","tag-roman-del-rio-carlos"],"_links":{"self":[{"href":"https:\/\/www.deberes.net\/tesis\/wp-json\/wp\/v2\/posts\/145211","targetHints":{"allow":["GET"]}}],"collection":[{"href":"https:\/\/www.deberes.net\/tesis\/wp-json\/wp\/v2\/posts"}],"about":[{"href":"https:\/\/www.deberes.net\/tesis\/wp-json\/wp\/v2\/types\/post"}],"author":[{"embeddable":true,"href":"https:\/\/www.deberes.net\/tesis\/wp-json\/wp\/v2\/users\/1"}],"replies":[{"embeddable":true,"href":"https:\/\/www.deberes.net\/tesis\/wp-json\/wp\/v2\/comments?post=145211"}],"version-history":[{"count":0,"href":"https:\/\/www.deberes.net\/tesis\/wp-json\/wp\/v2\/posts\/145211\/revisions"}],"wp:attachment":[{"href":"https:\/\/www.deberes.net\/tesis\/wp-json\/wp\/v2\/media?parent=145211"}],"wp:term":[{"taxonomy":"category","embeddable":true,"href":"https:\/\/www.deberes.net\/tesis\/wp-json\/wp\/v2\/categories?post=145211"},{"taxonomy":"post_tag","embeddable":true,"href":"https:\/\/www.deberes.net\/tesis\/wp-json\/wp\/v2\/tags?post=145211"}],"curies":[{"name":"wp","href":"https:\/\/api.w.org\/{rel}","templated":true}]}}