{"id":14523,"date":"2018-03-09T09:01:16","date_gmt":"2018-03-09T09:01:16","guid":{"rendered":"https:\/\/www.deberes.net\/tesis\/sin-categoria\/espectaculos-escenicos-en-sevilla-de-1795-a-19825\/"},"modified":"2018-03-09T09:01:16","modified_gmt":"2018-03-09T09:01:16","slug":"espectaculos-escenicos-en-sevilla-de-1795-a-19825","status":"publish","type":"post","link":"https:\/\/www.deberes.net\/tesis\/historia\/espectaculos-escenicos-en-sevilla-de-1795-a-19825\/","title":{"rendered":"Espect\u00e1culos esc\u00e9nicos en sevilla de 1795 a 19825"},"content":{"rendered":"<h2>Tesis doctoral de <strong> Roc\u00edo Plaza Orellana <\/strong><\/h2>\n<p>Estudio de los espect\u00e1culos esc\u00e9nicos en sevilla desde 1795 a 1825 en sus relaciones pol\u00edticas y econ\u00f3micas con los poderes de la ciudad.  los distintos apartados de esta tesis analizan aquellos aspectos hist\u00f3ricos-art\u00edsticos que resultaron como consecuencia de estas relaciones.<\/p>\n<p>&nbsp;<\/p>\n<h3>Datos acad\u00e9micos de la tesis doctoral \u00ab<strong>Espect\u00e1culos esc\u00e9nicos en sevilla de 1795 a 19825<\/strong>\u00ab<\/h3>\n<ul>\n<li><strong>T\u00edtulo de la tesis:<\/strong>\u00a0 Espect\u00e1culos esc\u00e9nicos en sevilla de 1795 a 19825 <\/li>\n<li><strong>Autor:<\/strong>\u00a0 Roc\u00edo Plaza Orellana <\/li>\n<li><strong>Universidad:<\/strong>\u00a0 Sevilla<\/li>\n<li><strong>Fecha de lectura de la tesis:<\/strong>\u00a0 14\/12\/2001<\/li>\n<\/ul>\n<p>&nbsp;<\/p>\n<h3>Direcci\u00f3n y tribunal<\/h3>\n<ul>\n<li><strong>Director de la tesis<\/strong>\n<ul>\n<li>Fernando Mart\u00edn Mart\u00edn<\/li>\n<\/ul>\n<\/li>\n<li><strong>Tribunal<\/strong>\n<ul>\n<li>Presidente del tribunal: piedad Bola\u00f1os donoso <\/li>\n<li>pedro Ruiz p\u00e9rez (vocal)<\/li>\n<li>isabel Osuna lucena (vocal)<\/li>\n<li>Marta Palenque sanchez (vocal)<\/li>\n<\/ul>\n<\/li>\n<\/ul>\n<p>&nbsp;<\/p>\n","protected":false},"excerpt":{"rendered":"<p>Tesis doctoral de Roc\u00edo Plaza Orellana Estudio de los espect\u00e1culos esc\u00e9nicos en sevilla desde 1795 a 1825 en sus relaciones [&hellip;]<\/p>\n","protected":false},"author":1,"featured_media":0,"comment_status":"open","ping_status":"open","sticky":false,"template":"","format":"standard","meta":{"site-sidebar-layout":"default","site-content-layout":"","ast-site-content-layout":"","site-content-style":"default","site-sidebar-style":"default","ast-global-header-display":"","ast-banner-title-visibility":"","ast-main-header-display":"","ast-hfb-above-header-display":"","ast-hfb-below-header-display":"","ast-hfb-mobile-header-display":"","site-post-title":"","ast-breadcrumbs-content":"","ast-featured-img":"","footer-sml-layout":"","theme-transparent-header-meta":"","adv-header-id-meta":"","stick-header-meta":"","header-above-stick-meta":"","header-main-stick-meta":"","header-below-stick-meta":"","astra-migrate-meta-layouts":"default","ast-page-background-enabled":"default","ast-page-background-meta":{"desktop":{"background-color":"var(--ast-global-color-4)","background-image":"","background-repeat":"repeat","background-position":"center center","background-size":"auto","background-attachment":"scroll","background-type":"","background-media":"","overlay-type":"","overlay-color":"","overlay-gradient":""},"tablet":{"background-color":"","background-image":"","background-repeat":"repeat","background-position":"center center","background-size":"auto","background-attachment":"scroll","background-type":"","background-media":"","overlay-type":"","overlay-color":"","overlay-gradient":""},"mobile":{"background-color":"","background-image":"","background-repeat":"repeat","background-position":"center center","background-size":"auto","background-attachment":"scroll","background-type":"","background-media":"","overlay-type":"","overlay-color":"","overlay-gradient":""}},"ast-content-background-meta":{"desktop":{"background-color":"var(--ast-global-color-5)","background-image":"","background-repeat":"repeat","background-position":"center center","background-size":"auto","background-attachment":"scroll","background-type":"","background-media":"","overlay-type":"","overlay-color":"","overlay-gradient":""},"tablet":{"background-color":"var(--ast-global-color-5)","background-image":"","background-repeat":"repeat","background-position":"center center","background-size":"auto","background-attachment":"scroll","background-type":"","background-media":"","overlay-type":"","overlay-color":"","overlay-gradient":""},"mobile":{"background-color":"var(--ast-global-color-5)","background-image":"","background-repeat":"repeat","background-position":"center center","background-size":"auto","background-attachment":"scroll","background-type":"","background-media":"","overlay-type":"","overlay-color":"","overlay-gradient":""}},"footnotes":""},"categories":[147,104,1014,222,10715,1110,1111],"tags":[25821,45698,42441,41827,11170,46714],"class_list":["post-14523","post","type-post","status-publish","format-standard","hentry","category-ciencias-de-las-artes-y-las-letras","category-historia","category-historia-del-arte","category-historias-especializadas","category-sevilla","category-teatro","category-teoria-analisis-y-critica-de-las-bellas-artes","tag-fernando-martin-martin","tag-isabel-osuna-lucena","tag-marta-palenque-sanchez","tag-pedro-ruiz-perez","tag-piedad-bolanos-donoso","tag-rocio-plaza-orellana"],"_links":{"self":[{"href":"https:\/\/www.deberes.net\/tesis\/wp-json\/wp\/v2\/posts\/14523","targetHints":{"allow":["GET"]}}],"collection":[{"href":"https:\/\/www.deberes.net\/tesis\/wp-json\/wp\/v2\/posts"}],"about":[{"href":"https:\/\/www.deberes.net\/tesis\/wp-json\/wp\/v2\/types\/post"}],"author":[{"embeddable":true,"href":"https:\/\/www.deberes.net\/tesis\/wp-json\/wp\/v2\/users\/1"}],"replies":[{"embeddable":true,"href":"https:\/\/www.deberes.net\/tesis\/wp-json\/wp\/v2\/comments?post=14523"}],"version-history":[{"count":0,"href":"https:\/\/www.deberes.net\/tesis\/wp-json\/wp\/v2\/posts\/14523\/revisions"}],"wp:attachment":[{"href":"https:\/\/www.deberes.net\/tesis\/wp-json\/wp\/v2\/media?parent=14523"}],"wp:term":[{"taxonomy":"category","embeddable":true,"href":"https:\/\/www.deberes.net\/tesis\/wp-json\/wp\/v2\/categories?post=14523"},{"taxonomy":"post_tag","embeddable":true,"href":"https:\/\/www.deberes.net\/tesis\/wp-json\/wp\/v2\/tags?post=14523"}],"curies":[{"name":"wp","href":"https:\/\/api.w.org\/{rel}","templated":true}]}}