{"id":145311,"date":"1993-01-01T00:00:00","date_gmt":"1993-01-01T00:00:00","guid":{"rendered":"https:\/\/www.deberes.net\/tesis\/sin-categoria\/valoracion-del-crecimiento-de-una-poblacion-andaluza-variacion-de-la-tension-arterial-y-la-grasa-subcutanea-su-relacion-con-variables-morfologicas-y-ambientales\/"},"modified":"1993-01-01T00:00:00","modified_gmt":"1993-01-01T00:00:00","slug":"valoracion-del-crecimiento-de-una-poblacion-andaluza-variacion-de-la-tension-arterial-y-la-grasa-subcutanea-su-relacion-con-variables-morfologicas-y-ambientales","status":"publish","type":"post","link":"https:\/\/www.deberes.net\/tesis\/ciencias-de-la-vida\/valoracion-del-crecimiento-de-una-poblacion-andaluza-variacion-de-la-tension-arterial-y-la-grasa-subcutanea-su-relacion-con-variables-morfologicas-y-ambientales\/","title":{"rendered":"Valoracion del crecimiento de una poblacion andaluza. variacion de la tension arterial y la grasa subcutanea. su relacion con variables morfologicas y ambientales."},"content":{"rendered":"<h2>Tesis doctoral de <strong> Jes\u00fas Martin Freire <\/strong><\/h2>\n<p>Se ha realizado un estudio de crecimiento transversal en una muestra de 1744 ni\u00f1os y ni\u00f1as de 7 a 18 a\u00f1os.  simultaneamente se ha efectuado un seguimiento semilongitudinal en una submuestra de 689 individuos, siguiendo durante dos a\u00f1os a las consortes de 10, 12, 14 y 16 a\u00f1os.  tanto el analisis de la muestra transversal como de la semilongitudinal revelan que el acumulo de grasa subcutanea durante la infancia y adolescencia tiene relacion directa con el proceso de crecimiento y no con la variabilidad en tension arterial.  el seguimiento de esta ultima en el estudio semilongitudinal pone de manifiesto que los valores altos en ni\u00f1os son eventuales no manteniendose en los percentiles elevados mas de un 10% de los observados inicialmente.<\/p>\n<p>&nbsp;<\/p>\n<h3>Datos acad\u00e9micos de la tesis doctoral \u00ab<strong>Valoracion del crecimiento de una poblacion andaluza. variacion de la tension arterial y la grasa subcutanea. su relacion con variables morfologicas y ambientales.<\/strong>\u00ab<\/h3>\n<ul>\n<li><strong>T\u00edtulo de la tesis:<\/strong>\u00a0 Valoracion del crecimiento de una poblacion andaluza. variacion de la tension arterial y la grasa subcutanea. su relacion con variables morfologicas y ambientales. <\/li>\n<li><strong>Autor:<\/strong>\u00a0 Jes\u00fas Martin Freire <\/li>\n<li><strong>Universidad:<\/strong>\u00a0 Aut\u00f3noma de Madrid<\/li>\n<li><strong>Fecha de lectura de la tesis:<\/strong>\u00a0 01\/01\/1993<\/li>\n<\/ul>\n<p>&nbsp;<\/p>\n<h3>Direcci\u00f3n y tribunal<\/h3>\n<ul>\n<li><strong>Director de la tesis<\/strong>\n<ul>\n<li>Maximo Sandin Dominguez<\/li>\n<\/ul>\n<\/li>\n<li><strong>Tribunal<\/strong>\n<ul>\n<li>Presidente del tribunal: Cristina Bernis Carro <\/li>\n<li>Cristina Sanchez-lauche Alcolado (vocal)<\/li>\n<li>Mar\u00eda  Soledad Mesa Santurino (vocal)<\/li>\n<li> Ruiz Sanz Juan  Pedro (vocal)<\/li>\n<\/ul>\n<\/li>\n<\/ul>\n<p>&nbsp;<\/p>\n","protected":false},"excerpt":{"rendered":"<p>Tesis doctoral de Jes\u00fas Martin Freire Se ha realizado un estudio de crecimiento transversal en una muestra de 1744 ni\u00f1os [&hellip;]<\/p>\n","protected":false},"author":1,"featured_media":0,"comment_status":"open","ping_status":"open","sticky":false,"template":"","format":"standard","meta":{"site-sidebar-layout":"default","site-content-layout":"","ast-site-content-layout":"","site-content-style":"default","site-sidebar-style":"default","ast-global-header-display":"","ast-banner-title-visibility":"","ast-main-header-display":"","ast-hfb-above-header-display":"","ast-hfb-below-header-display":"","ast-hfb-mobile-header-display":"","site-post-title":"","ast-breadcrumbs-content":"","ast-featured-img":"","footer-sml-layout":"","theme-transparent-header-meta":"","adv-header-id-meta":"","stick-header-meta":"","header-above-stick-meta":"","header-main-stick-meta":"","header-below-stick-meta":"","astra-migrate-meta-layouts":"default","ast-page-background-enabled":"default","ast-page-background-meta":{"desktop":{"background-color":"var(--ast-global-color-4)","background-image":"","background-repeat":"repeat","background-position":"center center","background-size":"auto","background-attachment":"scroll","background-type":"","background-media":"","overlay-type":"","overlay-color":"","overlay-gradient":""},"tablet":{"background-color":"","background-image":"","background-repeat":"repeat","background-position":"center center","background-size":"auto","background-attachment":"scroll","background-type":"","background-media":"","overlay-type":"","overlay-color":"","overlay-gradient":""},"mobile":{"background-color":"","background-image":"","background-repeat":"repeat","background-position":"center center","background-size":"auto","background-attachment":"scroll","background-type":"","background-media":"","overlay-type":"","overlay-color":"","overlay-gradient":""}},"ast-content-background-meta":{"desktop":{"background-color":"var(--ast-global-color-5)","background-image":"","background-repeat":"repeat","background-position":"center center","background-size":"auto","background-attachment":"scroll","background-type":"","background-media":"","overlay-type":"","overlay-color":"","overlay-gradient":""},"tablet":{"background-color":"var(--ast-global-color-5)","background-image":"","background-repeat":"repeat","background-position":"center center","background-size":"auto","background-attachment":"scroll","background-type":"","background-media":"","overlay-type":"","overlay-color":"","overlay-gradient":""},"mobile":{"background-color":"var(--ast-global-color-5)","background-image":"","background-repeat":"repeat","background-position":"center center","background-size":"auto","background-attachment":"scroll","background-type":"","background-media":"","overlay-type":"","overlay-color":"","overlay-gradient":""}},"footnotes":""},"categories":[922,35,6975,7516],"tags":[14662,182614,93506,6669,14661,14663],"class_list":["post-145311","post","type-post","status-publish","format-standard","hentry","category-antropologia-fisica","category-ciencias-de-la-vida","category-composicion-del-cuerpo","category-desarrollo-somatico","tag-cristina-bernis-carro","tag-cristina-sanchez-lauche-alcolado","tag-jesus-martin-freire","tag-maria-soledad-mesa-santurino","tag-maximo-sandin-dominguez","tag-ruiz-sanz-juan-pedro"],"_links":{"self":[{"href":"https:\/\/www.deberes.net\/tesis\/wp-json\/wp\/v2\/posts\/145311","targetHints":{"allow":["GET"]}}],"collection":[{"href":"https:\/\/www.deberes.net\/tesis\/wp-json\/wp\/v2\/posts"}],"about":[{"href":"https:\/\/www.deberes.net\/tesis\/wp-json\/wp\/v2\/types\/post"}],"author":[{"embeddable":true,"href":"https:\/\/www.deberes.net\/tesis\/wp-json\/wp\/v2\/users\/1"}],"replies":[{"embeddable":true,"href":"https:\/\/www.deberes.net\/tesis\/wp-json\/wp\/v2\/comments?post=145311"}],"version-history":[{"count":0,"href":"https:\/\/www.deberes.net\/tesis\/wp-json\/wp\/v2\/posts\/145311\/revisions"}],"wp:attachment":[{"href":"https:\/\/www.deberes.net\/tesis\/wp-json\/wp\/v2\/media?parent=145311"}],"wp:term":[{"taxonomy":"category","embeddable":true,"href":"https:\/\/www.deberes.net\/tesis\/wp-json\/wp\/v2\/categories?post=145311"},{"taxonomy":"post_tag","embeddable":true,"href":"https:\/\/www.deberes.net\/tesis\/wp-json\/wp\/v2\/tags?post=145311"}],"curies":[{"name":"wp","href":"https:\/\/api.w.org\/{rel}","templated":true}]}}