{"id":145316,"date":"1993-01-01T00:00:00","date_gmt":"1993-01-01T00:00:00","guid":{"rendered":"https:\/\/www.deberes.net\/tesis\/sin-categoria\/implicaciones-patogenicas-de-neuropeptidos-y-otros-mediadores-bioquimicos-del-apetito-en-la-anorexia-senil-idiotatica\/"},"modified":"1993-01-01T00:00:00","modified_gmt":"1993-01-01T00:00:00","slug":"implicaciones-patogenicas-de-neuropeptidos-y-otros-mediadores-bioquimicos-del-apetito-en-la-anorexia-senil-idiotatica","status":"publish","type":"post","link":"https:\/\/www.deberes.net\/tesis\/ciencias-medicas\/implicaciones-patogenicas-de-neuropeptidos-y-otros-mediadores-bioquimicos-del-apetito-en-la-anorexia-senil-idiotatica\/","title":{"rendered":"Implicaciones patogenicas de neuropeptidos y otros mediadores bioquimicos del apetito en la anorexia senil idiotatica"},"content":{"rendered":"<h2>Tesis doctoral de <strong>  Martinez Banaclocha Marcos Arturo <\/strong><\/h2>\n<p>Estudios en animales sugieren que la anorexia senil idiopatica puede deberse a un aumento de los efectos inductores de la sensacion de saciedad ejercidos por la cck y otros neuropeptidos con accion fundamentalmente periferica, y a una disminucion de la efectividad del sistema opioide endogeno en el snc. Para determinar hasta que punto las alteraciones de los neuropeptidos son o no especificas, nos propusimos estudiar las posibles interacciones de los neuropeptidos con otros factores humorales (citocinas o aminas biogenas) o metabolicos (aminoacidos) claramente involucrados en la regulacion del apetito. Con la hipotesis de trabajo de que la anorexia senil de causa no justificada puede deberse a una alteracion en el patron normal de determinados neuropeptidos implicados en la regulacion periferica o central del apetito se determinaron los niveles de cck8s, cck33, beta-endorfina, somatostatina, npy, y cgrp, ademas de las concentraciones de aminoacidos, tnf-alfa, il-1beta, y los metabolitos de aminas biogenas hmpg, hva y 5-hiaa en plasma y lcr de un grupo de 14 pacientes ancianos con anorexia senil de causa no filiada y un grupo control de 10 sujetos sanos de la misma edad.  lo mas significativo de nuestro estudio ha sido, en primer lugar, un descenso de los niveles de beta-endorfina acompa\u00f1ado de un aumento de las concentraciones de npy tanto en plasma como en lcr de los ancianos anorexicos, cuando se comparan con los niveles en controles de similar edad; y en segundo lugar, un aumento significativo de los niveles de cck8s en plasma sin cambios de las concentraciones de cck33 en los pacientes con anorexia senil al compararlos con los niveles del grupo control. Las concentraciones de cck8s y cck33 en lcr de los pacientes anorexicos no fueron diferentes a las del grupo control. Hay que destacar la existencia de una correlacion positiva entre el imc y los niveles de cck8s y beta-endorfina en el lcr de los pacientes anorexicos. Ademas,<\/p>\n<p>&nbsp;<\/p>\n<h3>Datos acad\u00e9micos de la tesis doctoral \u00ab<strong>Implicaciones patogenicas de neuropeptidos y otros mediadores bioquimicos del apetito en la anorexia senil idiotatica<\/strong>\u00ab<\/h3>\n<ul>\n<li><strong>T\u00edtulo de la tesis:<\/strong>\u00a0 Implicaciones patogenicas de neuropeptidos y otros mediadores bioquimicos del apetito en la anorexia senil idiotatica <\/li>\n<li><strong>Autor:<\/strong>\u00a0  Martinez Banaclocha Marcos Arturo <\/li>\n<li><strong>Universidad:<\/strong>\u00a0 Aut\u00f3noma de Madrid<\/li>\n<li><strong>Fecha de lectura de la tesis:<\/strong>\u00a0 01\/01\/1993<\/li>\n<\/ul>\n<p>&nbsp;<\/p>\n<h3>Direcci\u00f3n y tribunal<\/h3>\n<ul>\n<li><strong>Director de la tesis<\/strong>\n<ul>\n<li>Francisco Arnalich Fern\u00e1ndez<\/li>\n<\/ul>\n<\/li>\n<li><strong>Tribunal<\/strong>\n<ul>\n<li>Presidente del tribunal: Juan  Jos\u00e9 V\u00e1zquez Rodr\u00edguez <\/li>\n<li>Mar\u00eda  Monica De La Fuente Del Rey (vocal)<\/li>\n<li>Jes\u00fas Marin Lopez (vocal)<\/li>\n<li>Luis Felipe Pallardo Sanchez (vocal)<\/li>\n<\/ul>\n<\/li>\n<\/ul>\n<p>&nbsp;<\/p>\n","protected":false},"excerpt":{"rendered":"<p>Tesis doctoral de Martinez Banaclocha Marcos Arturo Estudios en animales sugieren que la anorexia senil idiopatica puede deberse a un [&hellip;]<\/p>\n","protected":false},"author":1,"featured_media":0,"comment_status":"open","ping_status":"open","sticky":false,"template":"","format":"standard","meta":{"site-sidebar-layout":"default","site-content-layout":"","ast-site-content-layout":"","site-content-style":"default","site-sidebar-style":"default","ast-global-header-display":"","ast-banner-title-visibility":"","ast-main-header-display":"","ast-hfb-above-header-display":"","ast-hfb-below-header-display":"","ast-hfb-mobile-header-display":"","site-post-title":"","ast-breadcrumbs-content":"","ast-featured-img":"","footer-sml-layout":"","theme-transparent-header-meta":"","adv-header-id-meta":"","stick-header-meta":"","header-above-stick-meta":"","header-main-stick-meta":"","header-below-stick-meta":"","astra-migrate-meta-layouts":"default","ast-page-background-enabled":"default","ast-page-background-meta":{"desktop":{"background-color":"var(--ast-global-color-4)","background-image":"","background-repeat":"repeat","background-position":"center center","background-size":"auto","background-attachment":"scroll","background-type":"","background-media":"","overlay-type":"","overlay-color":"","overlay-gradient":""},"tablet":{"background-color":"","background-image":"","background-repeat":"repeat","background-position":"center center","background-size":"auto","background-attachment":"scroll","background-type":"","background-media":"","overlay-type":"","overlay-color":"","overlay-gradient":""},"mobile":{"background-color":"","background-image":"","background-repeat":"repeat","background-position":"center center","background-size":"auto","background-attachment":"scroll","background-type":"","background-media":"","overlay-type":"","overlay-color":"","overlay-gradient":""}},"ast-content-background-meta":{"desktop":{"background-color":"var(--ast-global-color-5)","background-image":"","background-repeat":"repeat","background-position":"center center","background-size":"auto","background-attachment":"scroll","background-type":"","background-media":"","overlay-type":"","overlay-color":"","overlay-gradient":""},"tablet":{"background-color":"var(--ast-global-color-5)","background-image":"","background-repeat":"repeat","background-position":"center center","background-size":"auto","background-attachment":"scroll","background-type":"","background-media":"","overlay-type":"","overlay-color":"","overlay-gradient":""},"mobile":{"background-color":"var(--ast-global-color-5)","background-image":"","background-repeat":"repeat","background-position":"center center","background-size":"auto","background-attachment":"scroll","background-type":"","background-media":"","overlay-type":"","overlay-color":"","overlay-gradient":""}},"footnotes":""},"categories":[155,467,9,2931,384],"tags":[824,7194,4860,14834,4610,260256],"class_list":["post-145316","post","type-post","status-publish","format-standard","hentry","category-ciencias-clinicas","category-ciencias-de-la-nutricion","category-ciencias-medicas","category-enfermedades-de-la-nutricion","category-patologia-clinica","tag-francisco-arnalich-fernandez","tag-jesus-marin-lopez","tag-juan-jose-vazquez-rodriguez","tag-luis-felipe-pallardo-sanchez","tag-maria-monica-de-la-fuente-del-rey","tag-Martinez-banaclocha-marcos-arturo"],"_links":{"self":[{"href":"https:\/\/www.deberes.net\/tesis\/wp-json\/wp\/v2\/posts\/145316","targetHints":{"allow":["GET"]}}],"collection":[{"href":"https:\/\/www.deberes.net\/tesis\/wp-json\/wp\/v2\/posts"}],"about":[{"href":"https:\/\/www.deberes.net\/tesis\/wp-json\/wp\/v2\/types\/post"}],"author":[{"embeddable":true,"href":"https:\/\/www.deberes.net\/tesis\/wp-json\/wp\/v2\/users\/1"}],"replies":[{"embeddable":true,"href":"https:\/\/www.deberes.net\/tesis\/wp-json\/wp\/v2\/comments?post=145316"}],"version-history":[{"count":0,"href":"https:\/\/www.deberes.net\/tesis\/wp-json\/wp\/v2\/posts\/145316\/revisions"}],"wp:attachment":[{"href":"https:\/\/www.deberes.net\/tesis\/wp-json\/wp\/v2\/media?parent=145316"}],"wp:term":[{"taxonomy":"category","embeddable":true,"href":"https:\/\/www.deberes.net\/tesis\/wp-json\/wp\/v2\/categories?post=145316"},{"taxonomy":"post_tag","embeddable":true,"href":"https:\/\/www.deberes.net\/tesis\/wp-json\/wp\/v2\/tags?post=145316"}],"curies":[{"name":"wp","href":"https:\/\/api.w.org\/{rel}","templated":true}]}}