{"id":145548,"date":"1993-01-01T00:00:00","date_gmt":"1993-01-01T00:00:00","guid":{"rendered":"https:\/\/www.deberes.net\/tesis\/sin-categoria\/nuevo-metodo-para-la-estimacion-del-ruido-de-medida\/"},"modified":"1993-01-01T00:00:00","modified_gmt":"1993-01-01T00:00:00","slug":"nuevo-metodo-para-la-estimacion-del-ruido-de-medida","status":"publish","type":"post","link":"https:\/\/www.deberes.net\/tesis\/ciencias-tecnologicas\/nuevo-metodo-para-la-estimacion-del-ruido-de-medida\/","title":{"rendered":"Nuevo metodo para la estimacion del ruido de medida"},"content":{"rendered":"<h2>Tesis doctoral de <strong> Claudio Feij\u00f3o Gonz\u00e1lez <\/strong><\/h2>\n<p>En esta tesis, se desarrollan metodos que permiten la evaluacion y la determinacion del error de medida de un sistema radar sin perturbar el funcionamiento del sistema, es decir, utilizando solamente aquellos \u00abplots\u00bb generados en el extractor de datos durante el tiempo normal de trabajo.Las principales ventajas de usar este procedimiento frente a los tradicionales vuelos de calibracion residen en:  &#8211; la evaluacion del comportamiento del radar bajo las mismas condiciones en las que se encuentra en la practica (densidad de trafico aereo, etc.), Y  &#8211; que mientras los vuelos de calibracion son pocos y caros, las herramientas \u00absoftware\u00bb de procesado permiten una evaluacion continua del comportamiento que, ademas, es mas rapida y barata. A lo largo de la tesis se examinan diversos metodos para la estimacion del error de medida basados, unos, en algoritmos de ajuste en el dominio del tiempo, y otros, en procedimientos espectrales adaptativos. Para concluir que, puesto que en numerosos radares se utilizan filtros de seguimiento de tipo alfa-beta o kalman, se puede utilizar la secuencia de error de prediccion o de innovacion, para realizar esta estimacion. Ademas se demuestra como los valores asi obtenidos se ajustan razonablemente a los valores esperados.<\/p>\n<p>&nbsp;<\/p>\n<h3>Datos acad\u00e9micos de la tesis doctoral \u00ab<strong>Nuevo metodo para la estimacion del ruido de medida<\/strong>\u00ab<\/h3>\n<ul>\n<li><strong>T\u00edtulo de la tesis:<\/strong>\u00a0 Nuevo metodo para la estimacion del ruido de medida <\/li>\n<li><strong>Autor:<\/strong>\u00a0 Claudio Feij\u00f3o Gonz\u00e1lez <\/li>\n<li><strong>Universidad:<\/strong>\u00a0 Polit\u00e9cnica de Madrid<\/li>\n<li><strong>Fecha de lectura de la tesis:<\/strong>\u00a0 01\/01\/1993<\/li>\n<\/ul>\n<p>&nbsp;<\/p>\n<h3>Direcci\u00f3n y tribunal<\/h3>\n<ul>\n<li><strong>Director de la tesis<\/strong>\n<ul>\n<li>F\u00e9lix P\u00e9rez Mart\u00ednez<\/li>\n<\/ul>\n<\/li>\n<li><strong>Tribunal<\/strong>\n<ul>\n<li>Presidente del tribunal: Jos\u00e9 Ram\u00f3n Casar Corredera <\/li>\n<li>Lu\u00eds Vergara Dom\u00ednguez (vocal)<\/li>\n<li>Antonio Elias Fuste (vocal)<\/li>\n<li>Francisco Saez Nieto (vocal)<\/li>\n<\/ul>\n<\/li>\n<\/ul>\n<p>&nbsp;<\/p>\n","protected":false},"excerpt":{"rendered":"<p>Tesis doctoral de Claudio Feij\u00f3o Gonz\u00e1lez En esta tesis, se desarrollan metodos que permiten la evaluacion y la determinacion del [&hellip;]<\/p>\n","protected":false},"author":1,"featured_media":0,"comment_status":"open","ping_status":"open","sticky":false,"template":"","format":"standard","meta":{"site-sidebar-layout":"default","site-content-layout":"","ast-site-content-layout":"","site-content-style":"default","site-sidebar-style":"default","ast-global-header-display":"","ast-banner-title-visibility":"","ast-main-header-display":"","ast-hfb-above-header-display":"","ast-hfb-below-header-display":"","ast-hfb-mobile-header-display":"","site-post-title":"","ast-breadcrumbs-content":"","ast-featured-img":"","footer-sml-layout":"","theme-transparent-header-meta":"","adv-header-id-meta":"","stick-header-meta":"","header-above-stick-meta":"","header-main-stick-meta":"","header-below-stick-meta":"","astra-migrate-meta-layouts":"default","ast-page-background-enabled":"default","ast-page-background-meta":{"desktop":{"background-color":"var(--ast-global-color-4)","background-image":"","background-repeat":"repeat","background-position":"center center","background-size":"auto","background-attachment":"scroll","background-type":"","background-media":"","overlay-type":"","overlay-color":"","overlay-gradient":""},"tablet":{"background-color":"","background-image":"","background-repeat":"repeat","background-position":"center center","background-size":"auto","background-attachment":"scroll","background-type":"","background-media":"","overlay-type":"","overlay-color":"","overlay-gradient":""},"mobile":{"background-color":"","background-image":"","background-repeat":"repeat","background-position":"center center","background-size":"auto","background-attachment":"scroll","background-type":"","background-media":"","overlay-type":"","overlay-color":"","overlay-gradient":""}},"ast-content-background-meta":{"desktop":{"background-color":"var(--ast-global-color-5)","background-image":"","background-repeat":"repeat","background-position":"center center","background-size":"auto","background-attachment":"scroll","background-type":"","background-media":"","overlay-type":"","overlay-color":"","overlay-gradient":""},"tablet":{"background-color":"var(--ast-global-color-5)","background-image":"","background-repeat":"repeat","background-position":"center center","background-size":"auto","background-attachment":"scroll","background-type":"","background-media":"","overlay-type":"","overlay-color":"","overlay-gradient":""},"mobile":{"background-color":"var(--ast-global-color-5)","background-image":"","background-repeat":"repeat","background-position":"center center","background-size":"auto","background-attachment":"scroll","background-type":"","background-media":"","overlay-type":"","overlay-color":"","overlay-gradient":""}},"footnotes":""},"categories":[332,16008,2489,10683],"tags":[15755,97385,15757,260498,15758,31223],"class_list":["post-145548","post","type-post","status-publish","format-standard","hentry","category-ciencias-tecnologicas","category-politecnica-de-madrid","category-tecnologia-de-las-telecomunicaciones","category-tecnologia-de-los-sistemas-de-transporte","tag-antonio-elias-fuste","tag-claudio-feijoo-gonzalez","tag-felix-perez-Martinez","tag-francisco-saez-nieto","tag-jose-ramon-casar-corredera","tag-luis-vergara-dominguez"],"_links":{"self":[{"href":"https:\/\/www.deberes.net\/tesis\/wp-json\/wp\/v2\/posts\/145548","targetHints":{"allow":["GET"]}}],"collection":[{"href":"https:\/\/www.deberes.net\/tesis\/wp-json\/wp\/v2\/posts"}],"about":[{"href":"https:\/\/www.deberes.net\/tesis\/wp-json\/wp\/v2\/types\/post"}],"author":[{"embeddable":true,"href":"https:\/\/www.deberes.net\/tesis\/wp-json\/wp\/v2\/users\/1"}],"replies":[{"embeddable":true,"href":"https:\/\/www.deberes.net\/tesis\/wp-json\/wp\/v2\/comments?post=145548"}],"version-history":[{"count":0,"href":"https:\/\/www.deberes.net\/tesis\/wp-json\/wp\/v2\/posts\/145548\/revisions"}],"wp:attachment":[{"href":"https:\/\/www.deberes.net\/tesis\/wp-json\/wp\/v2\/media?parent=145548"}],"wp:term":[{"taxonomy":"category","embeddable":true,"href":"https:\/\/www.deberes.net\/tesis\/wp-json\/wp\/v2\/categories?post=145548"},{"taxonomy":"post_tag","embeddable":true,"href":"https:\/\/www.deberes.net\/tesis\/wp-json\/wp\/v2\/tags?post=145548"}],"curies":[{"name":"wp","href":"https:\/\/api.w.org\/{rel}","templated":true}]}}