{"id":145644,"date":"1993-01-01T00:00:00","date_gmt":"1993-01-01T00:00:00","guid":{"rendered":"https:\/\/www.deberes.net\/tesis\/sin-categoria\/influencia-de-las-plantaciones-de-eucalipto-sobre-el-medio-fisico-y-sobre-el-entorno-social-la-opinion-en-la-cantabria-rural\/"},"modified":"1993-01-01T00:00:00","modified_gmt":"1993-01-01T00:00:00","slug":"influencia-de-las-plantaciones-de-eucalipto-sobre-el-medio-fisico-y-sobre-el-entorno-social-la-opinion-en-la-cantabria-rural","status":"publish","type":"post","link":"https:\/\/www.deberes.net\/tesis\/ciencias-tecnologicas\/influencia-de-las-plantaciones-de-eucalipto-sobre-el-medio-fisico-y-sobre-el-entorno-social-la-opinion-en-la-cantabria-rural\/","title":{"rendered":"Influencia de las plantaciones de eucalipto sobre el medio fisico y sobre el entorno social. la opinion en la cantabria rural."},"content":{"rendered":"<h2>Tesis doctoral de <strong>  Reimat Burgues M. Jes\u00fas <\/strong><\/h2>\n<p>La realizacion de un estudio de opinion entre la poblacion rural de la franja costera de cantabria ha permitido conocer la opinion de sus habitantes sobre la influencia que tienen las plantaciones de eucaliptos en el medio biogeofisico y en el entorno social asi como sobre los origenes y principales condicionantes de los incendios forestales. Aunque se reconoce su influencia sobre las aguas, la fauna, y, en cierta medida, sobre la calidad del paisaje, solo una minoria de la poblacion cree que influyan notablemente sobre los suelos. Es de destacar que la poblacion estudiada (salvo una minoria no muestra inquietud ni por la calidad del paisaje, ni por el riesgo de incendios, ni por el valor protector de las masas forestales, mientras que percibe mucho mas claramente los rendimientos o perdidas de caracter monetario. Los datos obtenidos prueban que las plantaciones de eucalipto se sienten como pobremente integradas desde un punto de vista ambiental.  los costes reales o supuestos que se achacan al eucalipto, han dado lugar a una corriente de opinion en contra de las plantaciones, que se detecta con claridad. Esta corriente, que no es mayoritaria y que podria calificarse de discreta, no se ha traducido en un clima social de inquietud que llegara a influir seriamente en la calidad de vida. El origen de esta corriente esta en la escasa integracion social de las plantaciones, que sin duda convendria mejorar mediante acciones adecuadas.  los incendios forestales, que se suponen esencialmente provocados por el hombre, se ven como una fuente de perjuicios y como el principal riesgo para las plantaciones.  aunque los factores sociales resultan determinantes, ni la utilizacion de las tierras comunales ni la propiedad se sienten como relevantes. Por otra parte, es escasa la sensibilizacion con respecto a las perdidas no valorables en terminos monetarios.<\/p>\n<p>&nbsp;<\/p>\n<h3>Datos acad\u00e9micos de la tesis doctoral \u00ab<strong>Influencia de las plantaciones de eucalipto sobre el medio fisico y sobre el entorno social. la opinion en la cantabria rural.<\/strong>\u00ab<\/h3>\n<ul>\n<li><strong>T\u00edtulo de la tesis:<\/strong>\u00a0 Influencia de las plantaciones de eucalipto sobre el medio fisico y sobre el entorno social. la opinion en la cantabria rural. <\/li>\n<li><strong>Autor:<\/strong>\u00a0  Reimat Burgues M. Jes\u00fas <\/li>\n<li><strong>Universidad:<\/strong>\u00a0 Polit\u00e9cnica de Madrid<\/li>\n<li><strong>Fecha de lectura de la tesis:<\/strong>\u00a0 01\/01\/1993<\/li>\n<\/ul>\n<p>&nbsp;<\/p>\n<h3>Direcci\u00f3n y tribunal<\/h3>\n<ul>\n<li><strong>Director de la tesis<\/strong>\n<ul>\n<li> Saiz De Ome\u00f1aca Jos\u00e9 Antonio<\/li>\n<\/ul>\n<\/li>\n<li><strong>Tribunal<\/strong>\n<ul>\n<li>Presidente del tribunal: Jos\u00e9 Antonio Rodriguez Barreal <\/li>\n<li> De La Pedraza Gilsanz Javier (vocal)<\/li>\n<li>Mar\u00eda Asunci\u00f3n Mart\u00edn Lou (vocal)<\/li>\n<li>Pedro Cifuentes Vega (vocal)<\/li>\n<\/ul>\n<\/li>\n<\/ul>\n<p>&nbsp;<\/p>\n","protected":false},"excerpt":{"rendered":"<p>Tesis doctoral de Reimat Burgues M. Jes\u00fas La realizacion de un estudio de opinion entre la poblacion rural de la [&hellip;]<\/p>\n","protected":false},"author":1,"featured_media":0,"comment_status":"open","ping_status":"open","sticky":false,"template":"","format":"standard","meta":{"site-sidebar-layout":"default","site-content-layout":"","ast-site-content-layout":"","site-content-style":"default","site-sidebar-style":"default","ast-global-header-display":"","ast-banner-title-visibility":"","ast-main-header-display":"","ast-hfb-above-header-display":"","ast-hfb-below-header-display":"","ast-hfb-mobile-header-display":"","site-post-title":"","ast-breadcrumbs-content":"","ast-featured-img":"","footer-sml-layout":"","theme-transparent-header-meta":"","adv-header-id-meta":"","stick-header-meta":"","header-above-stick-meta":"","header-main-stick-meta":"","header-below-stick-meta":"","astra-migrate-meta-layouts":"default","ast-page-background-enabled":"default","ast-page-background-meta":{"desktop":{"background-color":"var(--ast-global-color-4)","background-image":"","background-repeat":"repeat","background-position":"center center","background-size":"auto","background-attachment":"scroll","background-type":"","background-media":"","overlay-type":"","overlay-color":"","overlay-gradient":""},"tablet":{"background-color":"","background-image":"","background-repeat":"repeat","background-position":"center center","background-size":"auto","background-attachment":"scroll","background-type":"","background-media":"","overlay-type":"","overlay-color":"","overlay-gradient":""},"mobile":{"background-color":"","background-image":"","background-repeat":"repeat","background-position":"center center","background-size":"auto","background-attachment":"scroll","background-type":"","background-media":"","overlay-type":"","overlay-color":"","overlay-gradient":""}},"ast-content-background-meta":{"desktop":{"background-color":"var(--ast-global-color-5)","background-image":"","background-repeat":"repeat","background-position":"center center","background-size":"auto","background-attachment":"scroll","background-type":"","background-media":"","overlay-type":"","overlay-color":"","overlay-gradient":""},"tablet":{"background-color":"var(--ast-global-color-5)","background-image":"","background-repeat":"repeat","background-position":"center center","background-size":"auto","background-attachment":"scroll","background-type":"","background-media":"","overlay-type":"","overlay-color":"","overlay-gradient":""},"mobile":{"background-color":"var(--ast-global-color-5)","background-image":"","background-repeat":"repeat","background-position":"center center","background-size":"auto","background-attachment":"scroll","background-type":"","background-media":"","overlay-type":"","overlay-color":"","overlay-gradient":""}},"footnotes":""},"categories":[494,332,2002,1333,16008,13119],"tags":[260587,16443,5747,30788,260586,62074],"class_list":["post-145644","post","type-post","status-publish","format-standard","hentry","category-ciencias-agrarias","category-ciencias-tecnologicas","category-florestas","category-ingenieria-y-tecnologia-del-medio-ambiente","category-politecnica-de-madrid","category-silvicultura","tag-de-la-pedraza-gilsanz-javier","tag-jose-antonio-rodriguez-barreal","tag-maria-asuncion-martin-lou","tag-pedro-cifuentes-vega","tag-reimat-burgues-m-jesus","tag-saiz-de-omenaca-jose-antonio"],"_links":{"self":[{"href":"https:\/\/www.deberes.net\/tesis\/wp-json\/wp\/v2\/posts\/145644","targetHints":{"allow":["GET"]}}],"collection":[{"href":"https:\/\/www.deberes.net\/tesis\/wp-json\/wp\/v2\/posts"}],"about":[{"href":"https:\/\/www.deberes.net\/tesis\/wp-json\/wp\/v2\/types\/post"}],"author":[{"embeddable":true,"href":"https:\/\/www.deberes.net\/tesis\/wp-json\/wp\/v2\/users\/1"}],"replies":[{"embeddable":true,"href":"https:\/\/www.deberes.net\/tesis\/wp-json\/wp\/v2\/comments?post=145644"}],"version-history":[{"count":0,"href":"https:\/\/www.deberes.net\/tesis\/wp-json\/wp\/v2\/posts\/145644\/revisions"}],"wp:attachment":[{"href":"https:\/\/www.deberes.net\/tesis\/wp-json\/wp\/v2\/media?parent=145644"}],"wp:term":[{"taxonomy":"category","embeddable":true,"href":"https:\/\/www.deberes.net\/tesis\/wp-json\/wp\/v2\/categories?post=145644"},{"taxonomy":"post_tag","embeddable":true,"href":"https:\/\/www.deberes.net\/tesis\/wp-json\/wp\/v2\/tags?post=145644"}],"curies":[{"name":"wp","href":"https:\/\/api.w.org\/{rel}","templated":true}]}}