{"id":145749,"date":"1993-01-01T00:00:00","date_gmt":"1993-01-01T00:00:00","guid":{"rendered":"https:\/\/www.deberes.net\/tesis\/sin-categoria\/aportacion-de-los-grabadores-valencianos-becados-y-pensionados-de-la-real-academia-de-san-carlos-a-la-estampa-ilustrada\/"},"modified":"1993-01-01T00:00:00","modified_gmt":"1993-01-01T00:00:00","slug":"aportacion-de-los-grabadores-valencianos-becados-y-pensionados-de-la-real-academia-de-san-carlos-a-la-estampa-ilustrada","status":"publish","type":"post","link":"https:\/\/www.deberes.net\/tesis\/ciencias-de-las-artes-y-las-letras\/aportacion-de-los-grabadores-valencianos-becados-y-pensionados-de-la-real-academia-de-san-carlos-a-la-estampa-ilustrada\/","title":{"rendered":"Aportacion de los grabadores Valencianos, becados y pensionados de la real academia de san carlos, a la estampa ilustrada."},"content":{"rendered":"<h2>Tesis doctoral de <strong> Luis Perpi\u00f1\u00e1n S\u00e1nchez <\/strong><\/h2>\n<p>El trabajo ha consistido en la realizacion de un estudio centrado en el analisis de la obra de siete grabadores Valencianos: ballester, brandi, esteve, fabregat, moles, ricarte y selma. Discipulos de la academia de san carlos, que desarrollaron su trabajo en la epoca de la ilustracion, es decir, fundamentalmente, la segunda mitad del siglo xviii y primeros a\u00f1os del xix.  haciendo especial enfasis en: conocimiento de la produccion de las obras grabadas y sus caracteristicas; conocimiento de las causas por las que se produjo este tipo de grabado, el ilustrado, y las diferencias que existen entre este y el realizado anteriormente; examinar la utilizacion que se hizo del grabado ilustrado, asi como las causas y finalidades que estas obras tuvieron.  dentro de un contexto comun a todos ellos, de una situacion historica concreta, diferente a cualquier otra, que condiciono esta forma de expresion artistica. A fin de cuentas, la aportacion de las obras de estos grabadores a la estampa y cultura ilustrada.<\/p>\n<p>&nbsp;<\/p>\n<h3>Datos acad\u00e9micos de la tesis doctoral \u00ab<strong>Aportacion de los grabadores Valencianos, becados y pensionados de la real academia de san carlos, a la estampa ilustrada.<\/strong>\u00ab<\/h3>\n<ul>\n<li><strong>T\u00edtulo de la tesis:<\/strong>\u00a0 Aportacion de los grabadores Valencianos, becados y pensionados de la real academia de san carlos, a la estampa ilustrada. <\/li>\n<li><strong>Autor:<\/strong>\u00a0 Luis Perpi\u00f1\u00e1n S\u00e1nchez <\/li>\n<li><strong>Universidad:<\/strong>\u00a0 Polit\u00e9cnica de Valencia<\/li>\n<li><strong>Fecha de lectura de la tesis:<\/strong>\u00a0 01\/01\/1993<\/li>\n<\/ul>\n<p>&nbsp;<\/p>\n<h3>Direcci\u00f3n y tribunal<\/h3>\n<ul>\n<li><strong>Director de la tesis<\/strong>\n<ul>\n<li>Manuel Silvestre Visa<\/li>\n<\/ul>\n<\/li>\n<li><strong>Tribunal<\/strong>\n<ul>\n<li>Presidente del tribunal: Antonio Tom\u00e1s Sanmart\u00edn <\/li>\n<li>Asuncion Alejos Moran (vocal)<\/li>\n<li>\u00e1lvaro Paricio Latasa (vocal)<\/li>\n<li> Ramon Guadix Juan  Carlos (vocal)<\/li>\n<\/ul>\n<\/li>\n<\/ul>\n<p>&nbsp;<\/p>\n","protected":false},"excerpt":{"rendered":"<p>Tesis doctoral de Luis Perpi\u00f1\u00e1n S\u00e1nchez El trabajo ha consistido en la realizacion de un estudio centrado en el analisis [&hellip;]<\/p>\n","protected":false},"author":1,"featured_media":0,"comment_status":"open","ping_status":"open","sticky":false,"template":"","format":"standard","meta":{"site-sidebar-layout":"default","site-content-layout":"","ast-site-content-layout":"","site-content-style":"default","site-sidebar-style":"default","ast-global-header-display":"","ast-banner-title-visibility":"","ast-main-header-display":"","ast-hfb-above-header-display":"","ast-hfb-below-header-display":"","ast-hfb-mobile-header-display":"","site-post-title":"","ast-breadcrumbs-content":"","ast-featured-img":"","footer-sml-layout":"","theme-transparent-header-meta":"","adv-header-id-meta":"","stick-header-meta":"","header-above-stick-meta":"","header-main-stick-meta":"","header-below-stick-meta":"","astra-migrate-meta-layouts":"default","ast-page-background-enabled":"default","ast-page-background-meta":{"desktop":{"background-color":"var(--ast-global-color-4)","background-image":"","background-repeat":"repeat","background-position":"center center","background-size":"auto","background-attachment":"scroll","background-type":"","background-media":"","overlay-type":"","overlay-color":"","overlay-gradient":""},"tablet":{"background-color":"","background-image":"","background-repeat":"repeat","background-position":"center center","background-size":"auto","background-attachment":"scroll","background-type":"","background-media":"","overlay-type":"","overlay-color":"","overlay-gradient":""},"mobile":{"background-color":"","background-image":"","background-repeat":"repeat","background-position":"center center","background-size":"auto","background-attachment":"scroll","background-type":"","background-media":"","overlay-type":"","overlay-color":"","overlay-gradient":""}},"ast-content-background-meta":{"desktop":{"background-color":"var(--ast-global-color-5)","background-image":"","background-repeat":"repeat","background-position":"center center","background-size":"auto","background-attachment":"scroll","background-type":"","background-media":"","overlay-type":"","overlay-color":"","overlay-gradient":""},"tablet":{"background-color":"var(--ast-global-color-5)","background-image":"","background-repeat":"repeat","background-position":"center center","background-size":"auto","background-attachment":"scroll","background-type":"","background-media":"","overlay-type":"","overlay-color":"","overlay-gradient":""},"mobile":{"background-color":"var(--ast-global-color-5)","background-image":"","background-repeat":"repeat","background-position":"center center","background-size":"auto","background-attachment":"scroll","background-type":"","background-media":"","overlay-type":"","overlay-color":"","overlay-gradient":""}},"footnotes":""},"categories":[147,4100,16820,1111],"tags":[6694,7799,27649,193515,7800,260682],"class_list":["post-145749","post","type-post","status-publish","format-standard","hentry","category-ciencias-de-las-artes-y-las-letras","category-dibujo-y-grabado","category-politecnica-de-valencia","category-teoria-analisis-y-critica-de-las-bellas-artes","tag-alvaro-paricio-latasa","tag-antonio-tomas-sanmartin","tag-asuncion-alejos-moran","tag-luis-perpinan-sanchez","tag-manuel-silvestre-visa","tag-ramon-guadix-juan-carlos"],"_links":{"self":[{"href":"https:\/\/www.deberes.net\/tesis\/wp-json\/wp\/v2\/posts\/145749","targetHints":{"allow":["GET"]}}],"collection":[{"href":"https:\/\/www.deberes.net\/tesis\/wp-json\/wp\/v2\/posts"}],"about":[{"href":"https:\/\/www.deberes.net\/tesis\/wp-json\/wp\/v2\/types\/post"}],"author":[{"embeddable":true,"href":"https:\/\/www.deberes.net\/tesis\/wp-json\/wp\/v2\/users\/1"}],"replies":[{"embeddable":true,"href":"https:\/\/www.deberes.net\/tesis\/wp-json\/wp\/v2\/comments?post=145749"}],"version-history":[{"count":0,"href":"https:\/\/www.deberes.net\/tesis\/wp-json\/wp\/v2\/posts\/145749\/revisions"}],"wp:attachment":[{"href":"https:\/\/www.deberes.net\/tesis\/wp-json\/wp\/v2\/media?parent=145749"}],"wp:term":[{"taxonomy":"category","embeddable":true,"href":"https:\/\/www.deberes.net\/tesis\/wp-json\/wp\/v2\/categories?post=145749"},{"taxonomy":"post_tag","embeddable":true,"href":"https:\/\/www.deberes.net\/tesis\/wp-json\/wp\/v2\/tags?post=145749"}],"curies":[{"name":"wp","href":"https:\/\/api.w.org\/{rel}","templated":true}]}}