{"id":145789,"date":"1993-01-01T00:00:00","date_gmt":"1993-01-01T00:00:00","guid":{"rendered":"https:\/\/www.deberes.net\/tesis\/sin-categoria\/la-formacion-profesional-maritimo-pesquera-en-la-cee\/"},"modified":"1993-01-01T00:00:00","modified_gmt":"1993-01-01T00:00:00","slug":"la-formacion-profesional-maritimo-pesquera-en-la-cee","status":"publish","type":"post","link":"https:\/\/www.deberes.net\/tesis\/historia\/la-formacion-profesional-maritimo-pesquera-en-la-cee\/","title":{"rendered":"La formacion profesional maritimo pesquera en la cee"},"content":{"rendered":"<h2>Tesis doctoral de <strong> Joaquin Franco Estero <\/strong><\/h2>\n<p>La tesis se ha concebido para desarrollar en seis capitulos que son: i la comunidad economica europea. Ii recomendaciones a nivel internacional sobre la ense\u00f1anza tecnica y profesional y la formacion profesional de pescadores. Iii medio siglo de formacion profesional nautico pesquera en espa\u00f1a. Iv la formacion profesional pesquera en alemania, belgica, dinamarca, espa\u00f1a y francia. V la formacion profesional pesquera en grecia, holanda, irlanda, italia, portugal y reino unido. Vi actuaciones de la cee en materia de formacion, seguidos de unas conclusiones. Completan el trabajo una bibliografia de 157 entradas, referida a publicaciones y documentos de difusion limitada.- Se ha tomado como punto de partida para seguir la evolucion de las formaciones el a\u00f1o 1977, aunque se ha ampliado en sentido retroactivo cuando se ha dispuesto de la documentacion adecuada.- espa\u00f1a ha merecido un tratamiento especial, y su desarrollo puede seguirse con todo detalle desde los a\u00f1os veinte hasta la actualidad. No hay que olvidar que nuestro pais era y es el primero de la comunidad en cuanto al numero de embarcaciones y personal dedicado a esta actividad, puesto que cuando se incorporaron a la comunidad espa\u00f1a y portugal, el numero de pescadores se duplico.<\/p>\n<p>&nbsp;<\/p>\n<h3>Datos acad\u00e9micos de la tesis doctoral \u00ab<strong>La formacion profesional maritimo pesquera en la cee<\/strong>\u00ab<\/h3>\n<ul>\n<li><strong>T\u00edtulo de la tesis:<\/strong>\u00a0 La formacion profesional maritimo pesquera en la cee <\/li>\n<li><strong>Autor:<\/strong>\u00a0 Joaquin Franco Estero <\/li>\n<li><strong>Universidad:<\/strong>\u00a0 Nacional de educaci\u00f3n a distancia<\/li>\n<li><strong>Fecha de lectura de la tesis:<\/strong>\u00a0 01\/01\/1993<\/li>\n<\/ul>\n<p>&nbsp;<\/p>\n<h3>Direcci\u00f3n y tribunal<\/h3>\n<ul>\n<li><strong>Director de la tesis<\/strong>\n<ul>\n<li>Jos\u00e9 Luis Garc\u00eda Garrido<\/li>\n<\/ul>\n<\/li>\n<li><strong>Tribunal<\/strong>\n<ul>\n<li>Presidente del tribunal: Ricardo Iba\u00f1ez Marin <\/li>\n<li>Anastasio Martinez (vocal)<\/li>\n<li>Federico Gomez Rodriguez De Castro (vocal)<\/li>\n<li>Angel Gonzalez (vocal)<\/li>\n<\/ul>\n<\/li>\n<\/ul>\n<p>&nbsp;<\/p>\n","protected":false},"excerpt":{"rendered":"<p>Tesis doctoral de Joaquin Franco Estero La tesis se ha concebido para desarrollar en seis capitulos que son: i la [&hellip;]<\/p>\n","protected":false},"author":1,"featured_media":0,"comment_status":"open","ping_status":"open","sticky":false,"template":"","format":"standard","meta":{"site-sidebar-layout":"default","site-content-layout":"","ast-site-content-layout":"","site-content-style":"default","site-sidebar-style":"default","ast-global-header-display":"","ast-banner-title-visibility":"","ast-main-header-display":"","ast-hfb-above-header-display":"","ast-hfb-below-header-display":"","ast-hfb-mobile-header-display":"","site-post-title":"","ast-breadcrumbs-content":"","ast-featured-img":"","footer-sml-layout":"","theme-transparent-header-meta":"","adv-header-id-meta":"","stick-header-meta":"","header-above-stick-meta":"","header-main-stick-meta":"","header-below-stick-meta":"","astra-migrate-meta-layouts":"default","ast-page-background-enabled":"default","ast-page-background-meta":{"desktop":{"background-color":"var(--ast-global-color-4)","background-image":"","background-repeat":"repeat","background-position":"center center","background-size":"auto","background-attachment":"scroll","background-type":"","background-media":"","overlay-type":"","overlay-color":"","overlay-gradient":""},"tablet":{"background-color":"","background-image":"","background-repeat":"repeat","background-position":"center center","background-size":"auto","background-attachment":"scroll","background-type":"","background-media":"","overlay-type":"","overlay-color":"","overlay-gradient":""},"mobile":{"background-color":"","background-image":"","background-repeat":"repeat","background-position":"center center","background-size":"auto","background-attachment":"scroll","background-type":"","background-media":"","overlay-type":"","overlay-color":"","overlay-gradient":""}},"ast-content-background-meta":{"desktop":{"background-color":"var(--ast-global-color-5)","background-image":"","background-repeat":"repeat","background-position":"center center","background-size":"auto","background-attachment":"scroll","background-type":"","background-media":"","overlay-type":"","overlay-color":"","overlay-gradient":""},"tablet":{"background-color":"var(--ast-global-color-5)","background-image":"","background-repeat":"repeat","background-position":"center center","background-size":"auto","background-attachment":"scroll","background-type":"","background-media":"","overlay-type":"","overlay-color":"","overlay-gradient":""},"mobile":{"background-color":"var(--ast-global-color-5)","background-image":"","background-repeat":"repeat","background-position":"center center","background-size":"auto","background-attachment":"scroll","background-type":"","background-media":"","overlay-type":"","overlay-color":"","overlay-gradient":""}},"footnotes":""},"categories":[104,311,222,17070,1141,5714,1341],"tags":[241391,260720,11254,260719,17155,5843],"class_list":["post-145789","post","type-post","status-publish","format-standard","hentry","category-historia","category-historia-de-la-educacion","category-historias-especializadas","category-nacional-de-educacion-a-distancia","category-pedagogia","category-pedagogia-comparada","category-teoria-y-metodos-educativos","tag-anastasio-Martinez","tag-angel-gonzalez","tag-federico-gomez-rodriguez-de-castro","tag-joaquin-franco-estero","tag-jose-luis-garcia-garrido","tag-ricardo-ibanez-marin"],"_links":{"self":[{"href":"https:\/\/www.deberes.net\/tesis\/wp-json\/wp\/v2\/posts\/145789","targetHints":{"allow":["GET"]}}],"collection":[{"href":"https:\/\/www.deberes.net\/tesis\/wp-json\/wp\/v2\/posts"}],"about":[{"href":"https:\/\/www.deberes.net\/tesis\/wp-json\/wp\/v2\/types\/post"}],"author":[{"embeddable":true,"href":"https:\/\/www.deberes.net\/tesis\/wp-json\/wp\/v2\/users\/1"}],"replies":[{"embeddable":true,"href":"https:\/\/www.deberes.net\/tesis\/wp-json\/wp\/v2\/comments?post=145789"}],"version-history":[{"count":0,"href":"https:\/\/www.deberes.net\/tesis\/wp-json\/wp\/v2\/posts\/145789\/revisions"}],"wp:attachment":[{"href":"https:\/\/www.deberes.net\/tesis\/wp-json\/wp\/v2\/media?parent=145789"}],"wp:term":[{"taxonomy":"category","embeddable":true,"href":"https:\/\/www.deberes.net\/tesis\/wp-json\/wp\/v2\/categories?post=145789"},{"taxonomy":"post_tag","embeddable":true,"href":"https:\/\/www.deberes.net\/tesis\/wp-json\/wp\/v2\/tags?post=145789"}],"curies":[{"name":"wp","href":"https:\/\/api.w.org\/{rel}","templated":true}]}}