{"id":145821,"date":"1993-01-01T00:00:00","date_gmt":"1993-01-01T00:00:00","guid":{"rendered":"https:\/\/www.deberes.net\/tesis\/sin-categoria\/variables-familiares-y-personales-en-la-fase-de-transicion-a-la-vida-activa\/"},"modified":"1993-01-01T00:00:00","modified_gmt":"1993-01-01T00:00:00","slug":"variables-familiares-y-personales-en-la-fase-de-transicion-a-la-vida-activa","status":"publish","type":"post","link":"https:\/\/www.deberes.net\/tesis\/sociologia\/variables-familiares-y-personales-en-la-fase-de-transicion-a-la-vida-activa\/","title":{"rendered":"Variables familiares y personales en la fase de transicion a la vida activa"},"content":{"rendered":"<h2>Tesis doctoral de <strong> Amparo Osca Segovia <\/strong><\/h2>\n<p>Este estudio de caracter longitudinal intenta predecir los patrones de incorporacion a la vida activa de una muestra de estudiantes de fp en su primera posibilidad legal de acceso al mercado de trabajo. Como posibles predictores se analizan una serie de variables familiares y personales. Respecto a la familia se centra en tres aspectos: sus caracteristicas socioeconomicas, su situacion laboral y el apoyo de los padres. En relacion con las variables personales se analiza la implicacion con el trabajo, la madurez vocacional, la percepcion del mercado laboral, el nivel de aspiracion y la busqueda de empleo. A partir de estas variables recogidas en tiempo 1 se intenta predecir los cuatro patrones de transicion llevados a cabo por la muestra despues de un a\u00f1o. Se ha observado que los jovenes cuyos padre tienen menor nivel de estudios, mayor numero de hijos y presionan  mas para buscar empleo, son los que se incorporan a la vida respeco a las variables peronales consideradas la unica que permite predecir si los jovenes abandonan sus estudios y salen al mercado de trabajo es la percepcion de sus posibilidades para conseguir trabajo a corto plazo.<\/p>\n<p>&nbsp;<\/p>\n<h3>Datos acad\u00e9micos de la tesis doctoral \u00ab<strong>Variables familiares y personales en la fase de transicion a la vida activa<\/strong>\u00ab<\/h3>\n<ul>\n<li><strong>T\u00edtulo de la tesis:<\/strong>\u00a0 Variables familiares y personales en la fase de transicion a la vida activa <\/li>\n<li><strong>Autor:<\/strong>\u00a0 Amparo Osca Segovia <\/li>\n<li><strong>Universidad:<\/strong>\u00a0 Nacional de educaci\u00f3n a distancia<\/li>\n<li><strong>Fecha de lectura de la tesis:<\/strong>\u00a0 01\/01\/1993<\/li>\n<\/ul>\n<p>&nbsp;<\/p>\n<h3>Direcci\u00f3n y tribunal<\/h3>\n<ul>\n<li><strong>Director de la tesis<\/strong>\n<ul>\n<li>Jos\u00e9 Mar\u00eda Peir\u00f3 Silla<\/li>\n<\/ul>\n<\/li>\n<li><strong>Tribunal<\/strong>\n<ul>\n<li>Presidente del tribunal: Francisco Morales Dominguez <\/li>\n<li> Merino Merino Jos\u00e9 Mar\u00eda (vocal)<\/li>\n<li>Lourdes Munduate Jaca (vocal)<\/li>\n<li>Josep Mar\u00eda Blanch Ribas (vocal)<\/li>\n<\/ul>\n<\/li>\n<\/ul>\n<p>&nbsp;<\/p>\n","protected":false},"excerpt":{"rendered":"<p>Tesis doctoral de Amparo Osca Segovia Este estudio de caracter longitudinal intenta predecir los patrones de incorporacion a la vida [&hellip;]<\/p>\n","protected":false},"author":1,"featured_media":0,"comment_status":"open","ping_status":"open","sticky":false,"template":"","format":"standard","meta":{"site-sidebar-layout":"default","site-content-layout":"","ast-site-content-layout":"","site-content-style":"default","site-sidebar-style":"default","ast-global-header-display":"","ast-banner-title-visibility":"","ast-main-header-display":"","ast-hfb-above-header-display":"","ast-hfb-below-header-display":"","ast-hfb-mobile-header-display":"","site-post-title":"","ast-breadcrumbs-content":"","ast-featured-img":"","footer-sml-layout":"","theme-transparent-header-meta":"","adv-header-id-meta":"","stick-header-meta":"","header-above-stick-meta":"","header-main-stick-meta":"","header-below-stick-meta":"","astra-migrate-meta-layouts":"default","ast-page-background-enabled":"default","ast-page-background-meta":{"desktop":{"background-color":"var(--ast-global-color-4)","background-image":"","background-repeat":"repeat","background-position":"center center","background-size":"auto","background-attachment":"scroll","background-type":"","background-media":"","overlay-type":"","overlay-color":"","overlay-gradient":""},"tablet":{"background-color":"","background-image":"","background-repeat":"repeat","background-position":"center center","background-size":"auto","background-attachment":"scroll","background-type":"","background-media":"","overlay-type":"","overlay-color":"","overlay-gradient":""},"mobile":{"background-color":"","background-image":"","background-repeat":"repeat","background-position":"center center","background-size":"auto","background-attachment":"scroll","background-type":"","background-media":"","overlay-type":"","overlay-color":"","overlay-gradient":""}},"ast-content-background-meta":{"desktop":{"background-color":"var(--ast-global-color-5)","background-image":"","background-repeat":"repeat","background-position":"center center","background-size":"auto","background-attachment":"scroll","background-type":"","background-media":"","overlay-type":"","overlay-color":"","overlay-gradient":""},"tablet":{"background-color":"var(--ast-global-color-5)","background-image":"","background-repeat":"repeat","background-position":"center center","background-size":"auto","background-attachment":"scroll","background-type":"","background-media":"","overlay-type":"","overlay-color":"","overlay-gradient":""},"mobile":{"background-color":"var(--ast-global-color-5)","background-image":"","background-repeat":"repeat","background-position":"center center","background-size":"auto","background-attachment":"scroll","background-type":"","background-media":"","overlay-type":"","overlay-color":"","overlay-gradient":""}},"footnotes":""},"categories":[17070,324,7126,269,1496,4639],"tags":[50582,17384,7129,24447,2999,7645],"class_list":["post-145821","post","type-post","status-publish","format-standard","hentry","category-nacional-de-educacion-a-distancia","category-psicologia","category-psicologia-industrial","category-sociologia","category-sociologia-del-trabajo","category-sociologia-industrial","tag-amparo-osca-segovia","tag-francisco-morales-dominguez","tag-jose-maria-peiro-silla","tag-josep-maria-blanch-ribas","tag-lourdes-munduate-jaca","tag-merino-merino-jose-maria"],"_links":{"self":[{"href":"https:\/\/www.deberes.net\/tesis\/wp-json\/wp\/v2\/posts\/145821","targetHints":{"allow":["GET"]}}],"collection":[{"href":"https:\/\/www.deberes.net\/tesis\/wp-json\/wp\/v2\/posts"}],"about":[{"href":"https:\/\/www.deberes.net\/tesis\/wp-json\/wp\/v2\/types\/post"}],"author":[{"embeddable":true,"href":"https:\/\/www.deberes.net\/tesis\/wp-json\/wp\/v2\/users\/1"}],"replies":[{"embeddable":true,"href":"https:\/\/www.deberes.net\/tesis\/wp-json\/wp\/v2\/comments?post=145821"}],"version-history":[{"count":0,"href":"https:\/\/www.deberes.net\/tesis\/wp-json\/wp\/v2\/posts\/145821\/revisions"}],"wp:attachment":[{"href":"https:\/\/www.deberes.net\/tesis\/wp-json\/wp\/v2\/media?parent=145821"}],"wp:term":[{"taxonomy":"category","embeddable":true,"href":"https:\/\/www.deberes.net\/tesis\/wp-json\/wp\/v2\/categories?post=145821"},{"taxonomy":"post_tag","embeddable":true,"href":"https:\/\/www.deberes.net\/tesis\/wp-json\/wp\/v2\/tags?post=145821"}],"curies":[{"name":"wp","href":"https:\/\/api.w.org\/{rel}","templated":true}]}}