{"id":145848,"date":"1993-01-01T00:00:00","date_gmt":"1993-01-01T00:00:00","guid":{"rendered":"https:\/\/www.deberes.net\/tesis\/sin-categoria\/implantacion-de-las-ordenes-mendicantes-en-el-ambito-toledano-durante-la-baja-edad-media-santo-domingo-el-real-1364-1507\/"},"modified":"1993-01-01T00:00:00","modified_gmt":"1993-01-01T00:00:00","slug":"implantacion-de-las-ordenes-mendicantes-en-el-ambito-toledano-durante-la-baja-edad-media-santo-domingo-el-real-1364-1507","status":"publish","type":"post","link":"https:\/\/www.deberes.net\/tesis\/historia\/implantacion-de-las-ordenes-mendicantes-en-el-ambito-toledano-durante-la-baja-edad-media-santo-domingo-el-real-1364-1507\/","title":{"rendered":"Implantacion de las ordenes mendicantes en el ambito toledano durante la baja edad media: santo domingo el real (1364-1507)."},"content":{"rendered":"<h2>Tesis doctoral de <strong> Jos\u00e9 Luis Barrios Sotos <\/strong><\/h2>\n<p>Utilizando el caso de un monasterio en concreto, santo domingo el real, se estudia la forma mediante la que el contexto social y economico imperante en la ciudad de toledo durante la baja edad media influye en el nacimiento, implantacion y desarrollo de la institucion, asi como el peso de esta dentro de la urbe y su ambito rural. Efectivamente, el monasterio escogido fue objeto del favor y la presencia de componentes femeninos de algunos de los mas importantes linajes y familias del ambito local especialmente, aunque no exclusivamente. Y ello a traves de unos mecanismos determinados que le permitieron ejercer un papel fundamental en toledo, aclaratorio del fin o fines que, durante esos a\u00f1os, se podian adjudicar a los monasterios de ordenes mendicantes en areas urbanas y periurbanas.<\/p>\n<p>&nbsp;<\/p>\n<h3>Datos acad\u00e9micos de la tesis doctoral \u00ab<strong>Implantacion de las ordenes mendicantes en el ambito toledano durante la baja edad media: santo domingo el real (1364-1507).<\/strong>\u00ab<\/h3>\n<ul>\n<li><strong>T\u00edtulo de la tesis:<\/strong>\u00a0 Implantacion de las ordenes mendicantes en el ambito toledano durante la baja edad media: santo domingo el real (1364-1507). <\/li>\n<li><strong>Autor:<\/strong>\u00a0 Jos\u00e9 Luis Barrios Sotos <\/li>\n<li><strong>Universidad:<\/strong>\u00a0 Alcal\u00e1<\/li>\n<li><strong>Fecha de lectura de la tesis:<\/strong>\u00a0 01\/01\/1993<\/li>\n<\/ul>\n<p>&nbsp;<\/p>\n<h3>Direcci\u00f3n y tribunal<\/h3>\n<ul>\n<li><strong>Director de la tesis<\/strong>\n<ul>\n<li>Santiago Aguad\u00e9 Nieto<\/li>\n<\/ul>\n<\/li>\n<li><strong>Tribunal<\/strong>\n<ul>\n<li>Presidente del tribunal: Emilio Mitre Fernandez <\/li>\n<li>Salvador Claramunt Rodriguez (vocal)<\/li>\n<li>Jos\u00e9 Luis Mart\u00edn Rodr\u00edguez (vocal)<\/li>\n<li>Carlos Estepa Diaz (vocal)<\/li>\n<\/ul>\n<\/li>\n<\/ul>\n<p>&nbsp;<\/p>\n","protected":false},"excerpt":{"rendered":"<p>Tesis doctoral de Jos\u00e9 Luis Barrios Sotos Utilizando el caso de un monasterio en concreto, santo domingo el real, se [&hellip;]<\/p>\n","protected":false},"author":1,"featured_media":0,"comment_status":"open","ping_status":"open","sticky":false,"template":"","format":"standard","meta":{"site-sidebar-layout":"default","site-content-layout":"","ast-site-content-layout":"","site-content-style":"default","site-sidebar-style":"default","ast-global-header-display":"","ast-banner-title-visibility":"","ast-main-header-display":"","ast-hfb-above-header-display":"","ast-hfb-below-header-display":"","ast-hfb-mobile-header-display":"","site-post-title":"","ast-breadcrumbs-content":"","ast-featured-img":"","footer-sml-layout":"","theme-transparent-header-meta":"","adv-header-id-meta":"","stick-header-meta":"","header-above-stick-meta":"","header-main-stick-meta":"","header-below-stick-meta":"","astra-migrate-meta-layouts":"default","ast-page-background-enabled":"default","ast-page-background-meta":{"desktop":{"background-color":"var(--ast-global-color-4)","background-image":"","background-repeat":"repeat","background-position":"center center","background-size":"auto","background-attachment":"scroll","background-type":"","background-media":"","overlay-type":"","overlay-color":"","overlay-gradient":""},"tablet":{"background-color":"","background-image":"","background-repeat":"repeat","background-position":"center center","background-size":"auto","background-attachment":"scroll","background-type":"","background-media":"","overlay-type":"","overlay-color":"","overlay-gradient":""},"mobile":{"background-color":"","background-image":"","background-repeat":"repeat","background-position":"center center","background-size":"auto","background-attachment":"scroll","background-type":"","background-media":"","overlay-type":"","overlay-color":"","overlay-gradient":""}},"ast-content-background-meta":{"desktop":{"background-color":"var(--ast-global-color-5)","background-image":"","background-repeat":"repeat","background-position":"center center","background-size":"auto","background-attachment":"scroll","background-type":"","background-media":"","overlay-type":"","overlay-color":"","overlay-gradient":""},"tablet":{"background-color":"var(--ast-global-color-5)","background-image":"","background-repeat":"repeat","background-position":"center center","background-size":"auto","background-attachment":"scroll","background-type":"","background-media":"","overlay-type":"","overlay-color":"","overlay-gradient":""},"mobile":{"background-color":"var(--ast-global-color-5)","background-image":"","background-repeat":"repeat","background-position":"center center","background-size":"auto","background-attachment":"scroll","background-type":"","background-media":"","overlay-type":"","overlay-color":"","overlay-gradient":""}},"footnotes":""},"categories":[17426,104,3967,119,220,222],"tags":[115598,5942,152302,422,3088,72949],"class_list":["post-145848","post","type-post","status-publish","format-standard","hentry","category-alcala","category-historia","category-historia-de-la-iglesia","category-historia-medieval","category-historia-por-epocas","category-historias-especializadas","tag-carlos-estepa-diaz","tag-emilio-mitre-fernandez","tag-jose-luis-barrios-sotos","tag-jose-luis-martin-rodriguez","tag-salvador-claramunt-rodriguez","tag-santiago-aguade-nieto"],"_links":{"self":[{"href":"https:\/\/www.deberes.net\/tesis\/wp-json\/wp\/v2\/posts\/145848","targetHints":{"allow":["GET"]}}],"collection":[{"href":"https:\/\/www.deberes.net\/tesis\/wp-json\/wp\/v2\/posts"}],"about":[{"href":"https:\/\/www.deberes.net\/tesis\/wp-json\/wp\/v2\/types\/post"}],"author":[{"embeddable":true,"href":"https:\/\/www.deberes.net\/tesis\/wp-json\/wp\/v2\/users\/1"}],"replies":[{"embeddable":true,"href":"https:\/\/www.deberes.net\/tesis\/wp-json\/wp\/v2\/comments?post=145848"}],"version-history":[{"count":0,"href":"https:\/\/www.deberes.net\/tesis\/wp-json\/wp\/v2\/posts\/145848\/revisions"}],"wp:attachment":[{"href":"https:\/\/www.deberes.net\/tesis\/wp-json\/wp\/v2\/media?parent=145848"}],"wp:term":[{"taxonomy":"category","embeddable":true,"href":"https:\/\/www.deberes.net\/tesis\/wp-json\/wp\/v2\/categories?post=145848"},{"taxonomy":"post_tag","embeddable":true,"href":"https:\/\/www.deberes.net\/tesis\/wp-json\/wp\/v2\/tags?post=145848"}],"curies":[{"name":"wp","href":"https:\/\/api.w.org\/{rel}","templated":true}]}}