{"id":145930,"date":"1993-01-01T00:00:00","date_gmt":"1993-01-01T00:00:00","guid":{"rendered":"https:\/\/www.deberes.net\/tesis\/sin-categoria\/valoracion-del-estado-nutricional-en-el-nino-oncologico\/"},"modified":"1993-01-01T00:00:00","modified_gmt":"1993-01-01T00:00:00","slug":"valoracion-del-estado-nutricional-en-el-nino-oncologico","status":"publish","type":"post","link":"https:\/\/www.deberes.net\/tesis\/ciencias-medicas\/valoracion-del-estado-nutricional-en-el-nino-oncologico\/","title":{"rendered":"Valoracion del estado nutricional en el ni\u00f1o oncologico"},"content":{"rendered":"<h2>Tesis doctoral de <strong>  Arana Navarro M. Teresa <\/strong><\/h2>\n<p>Se valora el estado nutricional de 97 ni\u00f1os afectos de cancer al diagnostico, durante los 2 a\u00f1os de tratamiento y primer a\u00f1o sin tratamiento. Al diagnostico los parametros antropometricos estan dentro de la normalidad, las proteinas sericas (albumina, prealbumina, proteina ligada al retinol, transferrina) estan disminuidas.  en los primeros 6 meses disminuye el peso en los afectos de tumor solido y aumenta en los afectos de tumor liquido. Posteriormente se normaliza, sin sufrir variacion, si la evolucion es favorable. En el primer a\u00f1o se aprecia un aumento de los pliegues subcutaneos. Los afectos de leucemia sufren una disminucion de la velocidad de crecimiento a lo largo de los a\u00f1os estudiados, afectandose la talla final solo en los de alto riesgo que recibieron radioterapia craneal. Las proteinas sericas se normalizan durante el primer a\u00f1o, sin apreciarse variaciones posteriores.  los parametros bioquimicos son utiles como indicadores de las alteraciones nutricionales agudas al diagnostico. Los antropometricos, especialmente peso, talla y velocidad de crecimiento, son utiles en el seguimiento posterior.<\/p>\n<p>&nbsp;<\/p>\n<h3>Datos acad\u00e9micos de la tesis doctoral \u00ab<strong>Valoracion del estado nutricional en el ni\u00f1o oncologico<\/strong>\u00ab<\/h3>\n<ul>\n<li><strong>T\u00edtulo de la tesis:<\/strong>\u00a0 Valoracion del estado nutricional en el ni\u00f1o oncologico <\/li>\n<li><strong>Autor:<\/strong>\u00a0  Arana Navarro M. Teresa <\/li>\n<li><strong>Universidad:<\/strong>\u00a0 Navarra<\/li>\n<li><strong>Fecha de lectura de la tesis:<\/strong>\u00a0 01\/01\/1993<\/li>\n<\/ul>\n<p>&nbsp;<\/p>\n<h3>Direcci\u00f3n y tribunal<\/h3>\n<ul>\n<li><strong>Director de la tesis<\/strong>\n<ul>\n<li>Ignacio Villa El\u00edzaga<\/li>\n<\/ul>\n<\/li>\n<li><strong>Tribunal<\/strong>\n<ul>\n<li>Presidente del tribunal: Jose Perez Gonzalez <\/li>\n<li>Jos\u00e9 Alfredo Martinez Hernandez (vocal)<\/li>\n<li>Santiago Santidrian Alegre (vocal)<\/li>\n<li>Angel Dominguez Casares (vocal)<\/li>\n<\/ul>\n<\/li>\n<\/ul>\n<p>&nbsp;<\/p>\n","protected":false},"excerpt":{"rendered":"<p>Tesis doctoral de Arana Navarro M. Teresa Se valora el estado nutricional de 97 ni\u00f1os afectos de cancer al diagnostico, [&hellip;]<\/p>\n","protected":false},"author":1,"featured_media":0,"comment_status":"open","ping_status":"open","sticky":false,"template":"","format":"standard","meta":{"site-sidebar-layout":"default","site-content-layout":"","ast-site-content-layout":"","site-content-style":"default","site-sidebar-style":"default","ast-global-header-display":"","ast-banner-title-visibility":"","ast-main-header-display":"","ast-hfb-above-header-display":"","ast-hfb-below-header-display":"","ast-hfb-mobile-header-display":"","site-post-title":"","ast-breadcrumbs-content":"","ast-featured-img":"","footer-sml-layout":"","theme-transparent-header-meta":"","adv-header-id-meta":"","stick-header-meta":"","header-above-stick-meta":"","header-main-stick-meta":"","header-below-stick-meta":"","astra-migrate-meta-layouts":"default","ast-page-background-enabled":"default","ast-page-background-meta":{"desktop":{"background-color":"var(--ast-global-color-4)","background-image":"","background-repeat":"repeat","background-position":"center center","background-size":"auto","background-attachment":"scroll","background-type":"","background-media":"","overlay-type":"","overlay-color":"","overlay-gradient":""},"tablet":{"background-color":"","background-image":"","background-repeat":"repeat","background-position":"center center","background-size":"auto","background-attachment":"scroll","background-type":"","background-media":"","overlay-type":"","overlay-color":"","overlay-gradient":""},"mobile":{"background-color":"","background-image":"","background-repeat":"repeat","background-position":"center center","background-size":"auto","background-attachment":"scroll","background-type":"","background-media":"","overlay-type":"","overlay-color":"","overlay-gradient":""}},"ast-content-background-meta":{"desktop":{"background-color":"var(--ast-global-color-5)","background-image":"","background-repeat":"repeat","background-position":"center center","background-size":"auto","background-attachment":"scroll","background-type":"","background-media":"","overlay-type":"","overlay-color":"","overlay-gradient":""},"tablet":{"background-color":"var(--ast-global-color-5)","background-image":"","background-repeat":"repeat","background-position":"center center","background-size":"auto","background-attachment":"scroll","background-type":"","background-media":"","overlay-type":"","overlay-color":"","overlay-gradient":""},"mobile":{"background-color":"var(--ast-global-color-5)","background-image":"","background-repeat":"repeat","background-position":"center center","background-size":"auto","background-attachment":"scroll","background-type":"","background-media":"","overlay-type":"","overlay-color":"","overlay-gradient":""}},"footnotes":""},"categories":[155,9,17749,347,161],"tags":[17869,260859,17798,18195,10101,17969],"class_list":["post-145930","post","type-post","status-publish","format-standard","hentry","category-ciencias-clinicas","category-ciencias-medicas","category-navarra","category-oncologia-clinica","category-pediatria","tag-angel-dominguez-casares","tag-arana-navarro-m-teresa","tag-ignacio-villa-elizaga","tag-jose-alfredo-Martinez-hernandez","tag-jose-perez-gonzalez","tag-santiago-santidrian-alegre"],"_links":{"self":[{"href":"https:\/\/www.deberes.net\/tesis\/wp-json\/wp\/v2\/posts\/145930","targetHints":{"allow":["GET"]}}],"collection":[{"href":"https:\/\/www.deberes.net\/tesis\/wp-json\/wp\/v2\/posts"}],"about":[{"href":"https:\/\/www.deberes.net\/tesis\/wp-json\/wp\/v2\/types\/post"}],"author":[{"embeddable":true,"href":"https:\/\/www.deberes.net\/tesis\/wp-json\/wp\/v2\/users\/1"}],"replies":[{"embeddable":true,"href":"https:\/\/www.deberes.net\/tesis\/wp-json\/wp\/v2\/comments?post=145930"}],"version-history":[{"count":0,"href":"https:\/\/www.deberes.net\/tesis\/wp-json\/wp\/v2\/posts\/145930\/revisions"}],"wp:attachment":[{"href":"https:\/\/www.deberes.net\/tesis\/wp-json\/wp\/v2\/media?parent=145930"}],"wp:term":[{"taxonomy":"category","embeddable":true,"href":"https:\/\/www.deberes.net\/tesis\/wp-json\/wp\/v2\/categories?post=145930"},{"taxonomy":"post_tag","embeddable":true,"href":"https:\/\/www.deberes.net\/tesis\/wp-json\/wp\/v2\/tags?post=145930"}],"curies":[{"name":"wp","href":"https:\/\/api.w.org\/{rel}","templated":true}]}}