{"id":146045,"date":"1993-01-01T00:00:00","date_gmt":"1993-01-01T00:00:00","guid":{"rendered":"https:\/\/www.deberes.net\/tesis\/sin-categoria\/la-revista-de-arquitectura-1918-1936\/"},"modified":"1993-01-01T00:00:00","modified_gmt":"1993-01-01T00:00:00","slug":"la-revista-de-arquitectura-1918-1936","status":"publish","type":"post","link":"https:\/\/www.deberes.net\/tesis\/historia\/la-revista-de-arquitectura-1918-1936\/","title":{"rendered":"La revista de arquitectura 1918-1936."},"content":{"rendered":"<h2>Tesis doctoral de <strong> Jos\u00e9 Carlos De San Antonio  G\u00f3mez <\/strong><\/h2>\n<p>Esta tesis doctoral recoge el estudio historiografico de la primera epoca de la revista \u00abarquitectura\u00bb organo oficial del colegio de arquitectos de Madrid. La revista tiene dos periodos: el primero desde la fundacion en 1918, hasta 1936 en que comienza la guerra civil; el segundo desde 1940, terminada la contienda, hasta el presente. Su linea editorial es eclectica segun la tradicion que desde 1840 sigue el periodismo arquitectonico.  no se ha pretendido hacer una historia de la arquitectura espa\u00f1ola con fechas, nombres y acontecimientos. Se trataba de estudiar la ideolog\u00eda arquitectonica implicita en esas obras, materias o autores por lo que el trabajo se ha centrado en las ideas y problemas -de indole estetica, artistica, arquitectonica o constructiva- que se han ido reflejando en los sucesivos numeros de la revista. Se reconstruyen los acontecimientos desde nuevos enfoques, huyendo de los planteamientos reduccionistas de pevsner en los que el movimiento moderno era el unico y principal protagonista.  no se ha buscado el estudio de la obra arquitectonica concreta sino las ideas, los escritos, las intenciones de los autores y sus relaciones con conceptos analogos de las diferentes esferas de la cultura, y del pensamiento.<\/p>\n<p>&nbsp;<\/p>\n<h3>Datos acad\u00e9micos de la tesis doctoral \u00ab<strong>La revista de arquitectura 1918-1936.<\/strong>\u00ab<\/h3>\n<ul>\n<li><strong>T\u00edtulo de la tesis:<\/strong>\u00a0 La revista de arquitectura 1918-1936. <\/li>\n<li><strong>Autor:<\/strong>\u00a0 Jos\u00e9 Carlos De San Antonio  G\u00f3mez <\/li>\n<li><strong>Universidad:<\/strong>\u00a0 Navarra<\/li>\n<li><strong>Fecha de lectura de la tesis:<\/strong>\u00a0 01\/01\/1993<\/li>\n<\/ul>\n<p>&nbsp;<\/p>\n<h3>Direcci\u00f3n y tribunal<\/h3>\n<ul>\n<li><strong>Director de la tesis<\/strong>\n<ul>\n<li>Carlos Montes Serrano<\/li>\n<\/ul>\n<\/li>\n<li><strong>Tribunal<\/strong>\n<ul>\n<li>Presidente del tribunal:  Segui De La Riva Javier <\/li>\n<li> Baquero I Briz Manuel (vocal)<\/li>\n<li>Julio Vidaurre Jofre (vocal)<\/li>\n<li>Mar\u00eda no Jos\u00e9 Gonz\u00e1lez Presencio (vocal)<\/li>\n<\/ul>\n<\/li>\n<\/ul>\n<p>&nbsp;<\/p>\n","protected":false},"excerpt":{"rendered":"<p>Tesis doctoral de Jos\u00e9 Carlos De San Antonio G\u00f3mez Esta tesis doctoral recoge el estudio historiografico de la primera epoca [&hellip;]<\/p>\n","protected":false},"author":1,"featured_media":0,"comment_status":"open","ping_status":"open","sticky":false,"template":"","format":"standard","meta":{"site-sidebar-layout":"default","site-content-layout":"","ast-site-content-layout":"","site-content-style":"default","site-sidebar-style":"default","ast-global-header-display":"","ast-banner-title-visibility":"","ast-main-header-display":"","ast-hfb-above-header-display":"","ast-hfb-below-header-display":"","ast-hfb-mobile-header-display":"","site-post-title":"","ast-breadcrumbs-content":"","ast-featured-img":"","footer-sml-layout":"","theme-transparent-header-meta":"","adv-header-id-meta":"","stick-header-meta":"","header-above-stick-meta":"","header-main-stick-meta":"","header-below-stick-meta":"","astra-migrate-meta-layouts":"default","ast-page-background-enabled":"default","ast-page-background-meta":{"desktop":{"background-color":"var(--ast-global-color-4)","background-image":"","background-repeat":"repeat","background-position":"center center","background-size":"auto","background-attachment":"scroll","background-type":"","background-media":"","overlay-type":"","overlay-color":"","overlay-gradient":""},"tablet":{"background-color":"","background-image":"","background-repeat":"repeat","background-position":"center center","background-size":"auto","background-attachment":"scroll","background-type":"","background-media":"","overlay-type":"","overlay-color":"","overlay-gradient":""},"mobile":{"background-color":"","background-image":"","background-repeat":"repeat","background-position":"center center","background-size":"auto","background-attachment":"scroll","background-type":"","background-media":"","overlay-type":"","overlay-color":"","overlay-gradient":""}},"ast-content-background-meta":{"desktop":{"background-color":"var(--ast-global-color-5)","background-image":"","background-repeat":"repeat","background-position":"center center","background-size":"auto","background-attachment":"scroll","background-type":"","background-media":"","overlay-type":"","overlay-color":"","overlay-gradient":""},"tablet":{"background-color":"var(--ast-global-color-5)","background-image":"","background-repeat":"repeat","background-position":"center center","background-size":"auto","background-attachment":"scroll","background-type":"","background-media":"","overlay-type":"","overlay-color":"","overlay-gradient":""},"mobile":{"background-color":"var(--ast-global-color-5)","background-image":"","background-repeat":"repeat","background-position":"center center","background-size":"auto","background-attachment":"scroll","background-type":"","background-media":"","overlay-type":"","overlay-color":"","overlay-gradient":""}},"footnotes":""},"categories":[4509,147,104,1745,222,17749],"tags":[27970,12688,51690,30613,16361,16360],"class_list":["post-146045","post","type-post","status-publish","format-standard","hentry","category-arquitectura","category-ciencias-de-las-artes-y-las-letras","category-historia","category-historia-de-la-arquitectura","category-historias-especializadas","category-navarra","tag-baquero-i-briz-manuel","tag-carlos-montes-serrano","tag-jose-carlos-de-san-antonio-gomez","tag-julio-vidaurre-jofre","tag-maria-no-jose-gonzalez-presencio","tag-segui-de-la-riva-javier"],"_links":{"self":[{"href":"https:\/\/www.deberes.net\/tesis\/wp-json\/wp\/v2\/posts\/146045","targetHints":{"allow":["GET"]}}],"collection":[{"href":"https:\/\/www.deberes.net\/tesis\/wp-json\/wp\/v2\/posts"}],"about":[{"href":"https:\/\/www.deberes.net\/tesis\/wp-json\/wp\/v2\/types\/post"}],"author":[{"embeddable":true,"href":"https:\/\/www.deberes.net\/tesis\/wp-json\/wp\/v2\/users\/1"}],"replies":[{"embeddable":true,"href":"https:\/\/www.deberes.net\/tesis\/wp-json\/wp\/v2\/comments?post=146045"}],"version-history":[{"count":0,"href":"https:\/\/www.deberes.net\/tesis\/wp-json\/wp\/v2\/posts\/146045\/revisions"}],"wp:attachment":[{"href":"https:\/\/www.deberes.net\/tesis\/wp-json\/wp\/v2\/media?parent=146045"}],"wp:term":[{"taxonomy":"category","embeddable":true,"href":"https:\/\/www.deberes.net\/tesis\/wp-json\/wp\/v2\/categories?post=146045"},{"taxonomy":"post_tag","embeddable":true,"href":"https:\/\/www.deberes.net\/tesis\/wp-json\/wp\/v2\/tags?post=146045"}],"curies":[{"name":"wp","href":"https:\/\/api.w.org\/{rel}","templated":true}]}}