{"id":146152,"date":"1993-03-03T00:00:00","date_gmt":"1993-03-03T00:00:00","guid":{"rendered":"https:\/\/www.deberes.net\/tesis\/sin-categoria\/estudio-de-las-secuelas-neurologicas-de-las-meningoencefalitis-en-el-nino\/"},"modified":"1993-03-03T00:00:00","modified_gmt":"1993-03-03T00:00:00","slug":"estudio-de-las-secuelas-neurologicas-de-las-meningoencefalitis-en-el-nino","status":"publish","type":"post","link":"https:\/\/www.deberes.net\/tesis\/medicina-interna\/estudio-de-las-secuelas-neurologicas-de-las-meningoencefalitis-en-el-nino\/","title":{"rendered":"Estudio de las secuelas neurologicas de las meningoencefalitis en el ni\u00f1o"},"content":{"rendered":"<h2>Tesis doctoral de <strong> Jos\u00e9 Antonio Mu\u00f1oz Yunta <\/strong><\/h2>\n<p>Este estudio se realiz\u00f3 con el objetivo de investigar las secuelas neurol\u00f3gicas de origen infeccioso en nuestro medio, se basa en un seguimiento de 145 ni\u00f1os, con una media de edad de 69,41 meses (5,7 a\u00f1os), de forma longitudinal y prospectiva despu\u00e9s de haber sido diagnosticados por criterios cl\u00ednicos y de laboratorio de meningitis bacterianas y v\u00edricas. la muestra definitiva se obtuvo mediante unos criterios estrictos de selecci\u00f3n, con el fin de que no sufrieran ninguna secuela pre, peri ni postnatal en el sistema nervioso centra!, Previa al proceso infeccioso. a todos los pacientes se le practic\u00f3 seg\u00fan edad, un cociente de maduraci\u00f3n o de integraci\u00f3n, e la fase aguda, a los 3, 6, 12 y 24 meses, a la vez de pruebas complementarias como electroencefalograma, potenciales evocados auditivos y visuales y tomograf\u00eda computada. El tratamiento de datos y an\u00e1lisis de resultados se realiz\u00f3 mediante un paquete integrado: statistical package for the social sciencies (spss, en el instituto municipal de investigaci\u00f3n m\u00e9dica. de los resultados obtenidos observamos un \u00edndice de subnormalidad ligera, de origen infeccioso a los dos a\u00f1os del inicio del estudio de un 4,1%. La variable m\u00e1s afectada fue la epilepsia con un 42,8% de forma ligera, correspondiendo a pacientes que sufr\u00edan paroxismos poco intensos y\/o frecuentes, controlados farmacol\u00f3gicamente; eeg con trazado de base anormal, signos focales y\/o alteraciones disr\u00edtmicas mal definidas y curso electrocl\u00ednico regresivo de buena evoluci\u00f3n. el tipo de meningitis m\u00e1s epilept\u00f3gena, de mayor a menor fue: m. Tuberculosa, m. Abortadas, m. Neumoc\u00f3cica, m. Urliana, m. Meningoc\u00f3cicas y m. Linfocitaria benigna. la metodolog\u00eda utilizada, los cocientes de maduraci\u00f3n e integraci\u00f3n de la neurolog\u00eda evolutiva, as\u00ed como, la valoraci\u00f3n de la conducta seg\u00fan par\u00e1metros propios de la ciencia etol\u00f3gica, configuran una metodolog\u00eda v\u00e1lida y pr\u00e1ctica para el seguimiento de las secuelas de los procesos meningoencefal\u00edticos en los ni\u00f1os.<\/p>\n<p>&nbsp;<\/p>\n<h3>Datos acad\u00e9micos de la tesis doctoral \u00ab<strong>Estudio de las secuelas neurologicas de las meningoencefalitis en el ni\u00f1o<\/strong>\u00ab<\/h3>\n<ul>\n<li><strong>T\u00edtulo de la tesis:<\/strong>\u00a0 Estudio de las secuelas neurologicas de las meningoencefalitis en el ni\u00f1o <\/li>\n<li><strong>Autor:<\/strong>\u00a0 Jos\u00e9 Antonio Mu\u00f1oz Yunta <\/li>\n<li><strong>Universidad:<\/strong>\u00a0 Aut\u00f3noma de barcelona<\/li>\n<li><strong>Fecha de lectura de la tesis:<\/strong>\u00a0 03\/03\/1993<\/li>\n<\/ul>\n<p>&nbsp;<\/p>\n<h3>Direcci\u00f3n y tribunal<\/h3>\n<ul>\n<li><strong>Director de la tesis<\/strong>\n<ul>\n<li>Josep Llorens Terol<\/li>\n<\/ul>\n<\/li>\n<li><strong>Tribunal<\/strong>\n<ul>\n<li>Presidente del tribunal: jordi Sabater pi <\/li>\n<li>adolfo Pou serradell (vocal)<\/li>\n<li>alfredo Gallart catala (vocal)<\/li>\n<li>Rafael Lopez feal (vocal)<\/li>\n<\/ul>\n<\/li>\n<\/ul>\n<p>&nbsp;<\/p>\n","protected":false},"excerpt":{"rendered":"<p>Tesis doctoral de Jos\u00e9 Antonio Mu\u00f1oz Yunta Este estudio se realiz\u00f3 con el objetivo de investigar las secuelas neurol\u00f3gicas de [&hellip;]<\/p>\n","protected":false},"author":1,"featured_media":0,"comment_status":"open","ping_status":"open","sticky":false,"template":"","format":"standard","meta":{"site-sidebar-layout":"default","site-content-layout":"","ast-site-content-layout":"","site-content-style":"default","site-sidebar-style":"default","ast-global-header-display":"","ast-banner-title-visibility":"","ast-main-header-display":"","ast-hfb-above-header-display":"","ast-hfb-below-header-display":"","ast-hfb-mobile-header-display":"","site-post-title":"","ast-breadcrumbs-content":"","ast-featured-img":"","footer-sml-layout":"","theme-transparent-header-meta":"","adv-header-id-meta":"","stick-header-meta":"","header-above-stick-meta":"","header-main-stick-meta":"","header-below-stick-meta":"","astra-migrate-meta-layouts":"default","ast-page-background-enabled":"default","ast-page-background-meta":{"desktop":{"background-color":"var(--ast-global-color-4)","background-image":"","background-repeat":"repeat","background-position":"center center","background-size":"auto","background-attachment":"scroll","background-type":"","background-media":"","overlay-type":"","overlay-color":"","overlay-gradient":""},"tablet":{"background-color":"","background-image":"","background-repeat":"repeat","background-position":"center center","background-size":"auto","background-attachment":"scroll","background-type":"","background-media":"","overlay-type":"","overlay-color":"","overlay-gradient":""},"mobile":{"background-color":"","background-image":"","background-repeat":"repeat","background-position":"center center","background-size":"auto","background-attachment":"scroll","background-type":"","background-media":"","overlay-type":"","overlay-color":"","overlay-gradient":""}},"ast-content-background-meta":{"desktop":{"background-color":"var(--ast-global-color-5)","background-image":"","background-repeat":"repeat","background-position":"center center","background-size":"auto","background-attachment":"scroll","background-type":"","background-media":"","overlay-type":"","overlay-color":"","overlay-gradient":""},"tablet":{"background-color":"var(--ast-global-color-5)","background-image":"","background-repeat":"repeat","background-position":"center center","background-size":"auto","background-attachment":"scroll","background-type":"","background-media":"","overlay-type":"","overlay-color":"","overlay-gradient":""},"mobile":{"background-color":"var(--ast-global-color-5)","background-image":"","background-repeat":"repeat","background-position":"center center","background-size":"auto","background-attachment":"scroll","background-type":"","background-media":"","overlay-type":"","overlay-color":"","overlay-gradient":""}},"footnotes":""},"categories":[155,139,1880,161],"tags":[13849,14165,33779,261074,12184,88281],"class_list":["post-146152","post","type-post","status-publish","format-standard","hentry","category-ciencias-clinicas","category-medicina-interna","category-neurologia","category-pediatria","tag-adolfo-pou-serradell","tag-alfredo-gallart-catala","tag-jordi-sabater-pi","tag-jose-antonio-munoz-yunta","tag-josep-llorens-terol","tag-rafael-lopez-feal"],"_links":{"self":[{"href":"https:\/\/www.deberes.net\/tesis\/wp-json\/wp\/v2\/posts\/146152","targetHints":{"allow":["GET"]}}],"collection":[{"href":"https:\/\/www.deberes.net\/tesis\/wp-json\/wp\/v2\/posts"}],"about":[{"href":"https:\/\/www.deberes.net\/tesis\/wp-json\/wp\/v2\/types\/post"}],"author":[{"embeddable":true,"href":"https:\/\/www.deberes.net\/tesis\/wp-json\/wp\/v2\/users\/1"}],"replies":[{"embeddable":true,"href":"https:\/\/www.deberes.net\/tesis\/wp-json\/wp\/v2\/comments?post=146152"}],"version-history":[{"count":0,"href":"https:\/\/www.deberes.net\/tesis\/wp-json\/wp\/v2\/posts\/146152\/revisions"}],"wp:attachment":[{"href":"https:\/\/www.deberes.net\/tesis\/wp-json\/wp\/v2\/media?parent=146152"}],"wp:term":[{"taxonomy":"category","embeddable":true,"href":"https:\/\/www.deberes.net\/tesis\/wp-json\/wp\/v2\/categories?post=146152"},{"taxonomy":"post_tag","embeddable":true,"href":"https:\/\/www.deberes.net\/tesis\/wp-json\/wp\/v2\/tags?post=146152"}],"curies":[{"name":"wp","href":"https:\/\/api.w.org\/{rel}","templated":true}]}}