{"id":146153,"date":"1993-04-03T00:00:00","date_gmt":"1993-04-03T00:00:00","guid":{"rendered":"https:\/\/www.deberes.net\/tesis\/sin-categoria\/adaptacion-y-modificaciones-de-corta-y-larga-duracion-en-la-actividad-electrica-de-neuronas-de-la-corteza-cerebral-in-vitro\/"},"modified":"1993-04-03T00:00:00","modified_gmt":"1993-04-03T00:00:00","slug":"adaptacion-y-modificaciones-de-corta-y-larga-duracion-en-la-actividad-electrica-de-neuronas-de-la-corteza-cerebral-in-vitro","status":"publish","type":"post","link":"https:\/\/www.deberes.net\/tesis\/ciencias-medicas\/adaptacion-y-modificaciones-de-corta-y-larga-duracion-en-la-actividad-electrica-de-neuronas-de-la-corteza-cerebral-in-vitro\/","title":{"rendered":"Adaptaci\u00f3n y modificaciones de corta y larga duraci\u00f3n en la actividad el\u00e9ctrica de neuronas de la corteza cerebral in vitro"},"content":{"rendered":"<h2>Tesis doctoral de <strong>  Montoro Laseca Rafael Jes\u00fas <\/strong><\/h2>\n<p>En este trabajo se han estudiado las propiedades electrofisiol\u00f3gicas intr\u00ednsecas de las neuronas de la capa ii-iii de la corteza visual del cobaya, con la t\u00e9cnica de registro intracelular del potencial de membrana en secciones de cerebro in vitro. Tambi\u00e9n se han estudiado, en el \u00e1rea ca1 del hipocampo de rata, las modificaciones producidas por el tratamiento de las secciones con n-metil-d-asartato (nmda) o alto potasio extracelular, en la respuesta sin\u00e1ptica obtenida y en el estado de fosforilaci\u00f3n de la prote\u00edna tipo 2 asociada a los microt\u00fabulos (map2). se han encontrado en las citadas capas de la corteza visual dos grupos de neuronas. Unas t\u00f3nicas, con una adaptaci\u00f3n progresiva de la frecuencia de generaci\u00f3n de potenciales de acci\u00f3n (pda), durante pulsos de corriente, y otras con un agrupamiento inicial de los dos primeros pda, con un amplio intervalo entre el segundo y tercer potencial de acci\u00f3n, de forma que la frecuencia instant\u00e1nea de disparo se adapta casi totalmente ya en el tercer pda.  en este segundo tipo de agrupamiento inicial la relaci\u00f3n frecuencia instant\u00e1nea\/intensidad de pulso para el 2\u00c2\u00bapda, tiene un valor al menos cuatro veces superior al encontrado en el tipo t\u00f3nico, y la duraci\u00f3n de este 2\u00c2\u00ba pda es la mayor al ocurrir la agrupaci\u00f3n, mientras que en las c\u00e9lulas t\u00f3nicas, la duraci\u00f3n de los pda aumenta siempre de forma progresiva a lo largo del pulso. Tanto las c\u00e9lulas t\u00f3nicas como las c\u00e9lulas con agrupamiento inicial, presentan una adaptaci\u00f3n a largo plazo cuando se estimulan con un pulso de corriente de forma repetida. Esta adaptaci\u00f3n depende de forma directa de la hiperpolarizaci\u00f3n alcanzada durante la estimulaci\u00f3n.  la respuesta sin\u00e1ptica obtenida en las neuronas del \u00e1rea ca1 del hipocampo al estimular el stratum radiatum, present\u00f3 dos componentes.  el primero tiene las caracter\u00edsticas de una respuesta monosin\u00e1ptica. En el 43% de las c\u00e9lulas se obtiene adem\u00e1s otro componente, que tiene las caracter\u00edsti<\/p>\n<p>&nbsp;<\/p>\n<h3>Datos acad\u00e9micos de la tesis doctoral \u00ab<strong>Adaptaci\u00f3n y modificaciones de corta y larga duraci\u00f3n en la actividad el\u00e9ctrica de neuronas de la corteza cerebral in vitro<\/strong>\u00ab<\/h3>\n<ul>\n<li><strong>T\u00edtulo de la tesis:<\/strong>\u00a0 Adaptaci\u00f3n y modificaciones de corta y larga duraci\u00f3n en la actividad el\u00e9ctrica de neuronas de la corteza cerebral in vitro <\/li>\n<li><strong>Autor:<\/strong>\u00a0  Montoro Laseca Rafael Jes\u00fas <\/li>\n<li><strong>Universidad:<\/strong>\u00a0 Sevilla<\/li>\n<li><strong>Fecha de lectura de la tesis:<\/strong>\u00a0 04\/03\/1993<\/li>\n<\/ul>\n<p>&nbsp;<\/p>\n<h3>Direcci\u00f3n y tribunal<\/h3>\n<ul>\n<li><strong>Director de la tesis<\/strong>\n<ul>\n<li>Jos\u00e9 L\u00f3pez Barneo<\/li>\n<\/ul>\n<\/li>\n<li><strong>Tribunal<\/strong>\n<ul>\n<li>Presidente del tribunal: diego Mir jordano <\/li>\n<li>roberto Gallego fernandez (vocal)<\/li>\n<li>Jes\u00fas Avila de grado (vocal)<\/li>\n<li> Prada Elena Francisco Andr\u00e9s (vocal)<\/li>\n<\/ul>\n<\/li>\n<\/ul>\n<p>&nbsp;<\/p>\n","protected":false},"excerpt":{"rendered":"<p>Tesis doctoral de Montoro Laseca Rafael Jes\u00fas En este trabajo se han estudiado las propiedades electrofisiol\u00f3gicas intr\u00ednsecas de las neuronas [&hellip;]<\/p>\n","protected":false},"author":1,"featured_media":0,"comment_status":"open","ping_status":"open","sticky":false,"template":"","format":"standard","meta":{"site-sidebar-layout":"default","site-content-layout":"","ast-site-content-layout":"","site-content-style":"default","site-sidebar-style":"default","ast-global-header-display":"","ast-banner-title-visibility":"","ast-main-header-display":"","ast-hfb-above-header-display":"","ast-hfb-below-header-display":"","ast-hfb-mobile-header-display":"","site-post-title":"","ast-breadcrumbs-content":"","ast-featured-img":"","footer-sml-layout":"","theme-transparent-header-meta":"","adv-header-id-meta":"","stick-header-meta":"","header-above-stick-meta":"","header-main-stick-meta":"","header-below-stick-meta":"","astra-migrate-meta-layouts":"default","ast-page-background-enabled":"default","ast-page-background-meta":{"desktop":{"background-color":"var(--ast-global-color-4)","background-image":"","background-repeat":"repeat","background-position":"center center","background-size":"auto","background-attachment":"scroll","background-type":"","background-media":"","overlay-type":"","overlay-color":"","overlay-gradient":""},"tablet":{"background-color":"","background-image":"","background-repeat":"repeat","background-position":"center center","background-size":"auto","background-attachment":"scroll","background-type":"","background-media":"","overlay-type":"","overlay-color":"","overlay-gradient":""},"mobile":{"background-color":"","background-image":"","background-repeat":"repeat","background-position":"center center","background-size":"auto","background-attachment":"scroll","background-type":"","background-media":"","overlay-type":"","overlay-color":"","overlay-gradient":""}},"ast-content-background-meta":{"desktop":{"background-color":"var(--ast-global-color-5)","background-image":"","background-repeat":"repeat","background-position":"center center","background-size":"auto","background-attachment":"scroll","background-type":"","background-media":"","overlay-type":"","overlay-color":"","overlay-gradient":""},"tablet":{"background-color":"var(--ast-global-color-5)","background-image":"","background-repeat":"repeat","background-position":"center center","background-size":"auto","background-attachment":"scroll","background-type":"","background-media":"","overlay-type":"","overlay-color":"","overlay-gradient":""},"mobile":{"background-color":"var(--ast-global-color-5)","background-image":"","background-repeat":"repeat","background-position":"center center","background-size":"auto","background-attachment":"scroll","background-type":"","background-media":"","overlay-type":"","overlay-color":"","overlay-gradient":""}},"footnotes":""},"categories":[9,10715],"tags":[11283,3041,4666,261075,44749,33124],"class_list":["post-146153","post","type-post","status-publish","format-standard","hentry","category-ciencias-medicas","category-sevilla","tag-diego-mir-jordano","tag-jesus-avila-de-grado","tag-jose-lopez-barneo","tag-montoro-laseca-rafael-jesus","tag-prada-elena-francisco-andres","tag-roberto-gallego-fernandez"],"_links":{"self":[{"href":"https:\/\/www.deberes.net\/tesis\/wp-json\/wp\/v2\/posts\/146153","targetHints":{"allow":["GET"]}}],"collection":[{"href":"https:\/\/www.deberes.net\/tesis\/wp-json\/wp\/v2\/posts"}],"about":[{"href":"https:\/\/www.deberes.net\/tesis\/wp-json\/wp\/v2\/types\/post"}],"author":[{"embeddable":true,"href":"https:\/\/www.deberes.net\/tesis\/wp-json\/wp\/v2\/users\/1"}],"replies":[{"embeddable":true,"href":"https:\/\/www.deberes.net\/tesis\/wp-json\/wp\/v2\/comments?post=146153"}],"version-history":[{"count":0,"href":"https:\/\/www.deberes.net\/tesis\/wp-json\/wp\/v2\/posts\/146153\/revisions"}],"wp:attachment":[{"href":"https:\/\/www.deberes.net\/tesis\/wp-json\/wp\/v2\/media?parent=146153"}],"wp:term":[{"taxonomy":"category","embeddable":true,"href":"https:\/\/www.deberes.net\/tesis\/wp-json\/wp\/v2\/categories?post=146153"},{"taxonomy":"post_tag","embeddable":true,"href":"https:\/\/www.deberes.net\/tesis\/wp-json\/wp\/v2\/tags?post=146153"}],"curies":[{"name":"wp","href":"https:\/\/api.w.org\/{rel}","templated":true}]}}