{"id":146154,"date":"2018-03-11T13:28:57","date_gmt":"2018-03-11T13:28:57","guid":{"rendered":"https:\/\/www.deberes.net\/tesis\/sin-categoria\/hacia-una-declaracion-de-derechos-humanos-en-juan-pablo-ii\/"},"modified":"2018-03-11T13:28:57","modified_gmt":"2018-03-11T13:28:57","slug":"hacia-una-declaracion-de-derechos-humanos-en-juan-pablo-ii","status":"publish","type":"post","link":"https:\/\/www.deberes.net\/tesis\/complutense-de-madrid\/hacia-una-declaracion-de-derechos-humanos-en-juan-pablo-ii\/","title":{"rendered":"Hacia una declaracion de derechos humanos en juan pablo ii"},"content":{"rendered":"<h2>Tesis doctoral de <strong> Pedro Jes\u00fas Lasanta Casero <\/strong><\/h2>\n<p>La tesis recoge el estudio de los \u00abderechos humanos\u00bb en juan pablo ii.  se inicia con un cap\u00edtulo preliminar, donde estudia la cuesti\u00f3n en el pontifice, antes de llegar al pontificado. En el cap\u00edtulo ii estudia los presupuestos que justifican su ense\u00f1anza sobre los mismos. En el cap\u00edtulo iii se analiza cada uno de ellos, en atenci\u00f3n a sus ense\u00f1anzas. En el capitulo iv estudia el enfoque que ha merecido su tratamiento en los estudiosos, y, en el cap\u00edtulo v, en atenci\u00f3n a todo ello, esboza lo que seria una hipotetica \u00abdeclaraci\u00f3n de derechos\u00bb, de su parte. Se apoya para ello en sus ense\u00f1anzas; y sobre todo en la carta de los derechos de la familia, promulgada por la santa sede.<\/p>\n<p>&nbsp;<\/p>\n<h3>Datos acad\u00e9micos de la tesis doctoral \u00ab<strong>Hacia una declaracion de derechos humanos en juan pablo ii<\/strong>\u00ab<\/h3>\n<ul>\n<li><strong>T\u00edtulo de la tesis:<\/strong>\u00a0 Hacia una declaracion de derechos humanos en juan pablo ii <\/li>\n<li><strong>Autor:<\/strong>\u00a0 Pedro Jes\u00fas Lasanta Casero <\/li>\n<li><strong>Universidad:<\/strong>\u00a0 Complutense de Madrid<\/li>\n<li><strong>Fecha de lectura de la tesis:<\/strong>\u00a0 17\/03\/1993<\/li>\n<\/ul>\n<p>&nbsp;<\/p>\n<h3>Direcci\u00f3n y tribunal<\/h3>\n<ul>\n<li><strong>Director de la tesis<\/strong>\n<ul>\n<li>Angel Sanchez De La Torre<\/li>\n<\/ul>\n<\/li>\n<li><strong>Tribunal<\/strong>\n<ul>\n<li>Presidente del tribunal: Jos\u00e9 Luis Santos diez <\/li>\n<li>gaspar Escalona Martinez (vocal)<\/li>\n<li>Luis Vela sanchez (vocal)<\/li>\n<li>Jos\u00e9 tom\u00e1s Raga gil (vocal)<\/li>\n<\/ul>\n<\/li>\n<\/ul>\n<p>&nbsp;<\/p>\n","protected":false},"excerpt":{"rendered":"<p>Tesis doctoral de Pedro Jes\u00fas Lasanta Casero La tesis recoge el estudio de los \u00abderechos humanos\u00bb en juan pablo ii. [&hellip;]<\/p>\n","protected":false},"author":1,"featured_media":0,"comment_status":"open","ping_status":"open","sticky":false,"template":"","format":"standard","meta":{"site-sidebar-layout":"default","site-content-layout":"","ast-site-content-layout":"","site-content-style":"default","site-sidebar-style":"default","ast-global-header-display":"","ast-banner-title-visibility":"","ast-main-header-display":"","ast-hfb-above-header-display":"","ast-hfb-below-header-display":"","ast-hfb-mobile-header-display":"","site-post-title":"","ast-breadcrumbs-content":"","ast-featured-img":"","footer-sml-layout":"","theme-transparent-header-meta":"","adv-header-id-meta":"","stick-header-meta":"","header-above-stick-meta":"","header-main-stick-meta":"","header-below-stick-meta":"","astra-migrate-meta-layouts":"default","ast-page-background-enabled":"default","ast-page-background-meta":{"desktop":{"background-color":"var(--ast-global-color-4)","background-image":"","background-repeat":"repeat","background-position":"center center","background-size":"auto","background-attachment":"scroll","background-type":"","background-media":"","overlay-type":"","overlay-color":"","overlay-gradient":""},"tablet":{"background-color":"","background-image":"","background-repeat":"repeat","background-position":"center center","background-size":"auto","background-attachment":"scroll","background-type":"","background-media":"","overlay-type":"","overlay-color":"","overlay-gradient":""},"mobile":{"background-color":"","background-image":"","background-repeat":"repeat","background-position":"center center","background-size":"auto","background-attachment":"scroll","background-type":"","background-media":"","overlay-type":"","overlay-color":"","overlay-gradient":""}},"ast-content-background-meta":{"desktop":{"background-color":"var(--ast-global-color-5)","background-image":"","background-repeat":"repeat","background-position":"center center","background-size":"auto","background-attachment":"scroll","background-type":"","background-media":"","overlay-type":"","overlay-color":"","overlay-gradient":""},"tablet":{"background-color":"var(--ast-global-color-5)","background-image":"","background-repeat":"repeat","background-position":"center center","background-size":"auto","background-attachment":"scroll","background-type":"","background-media":"","overlay-type":"","overlay-color":"","overlay-gradient":""},"mobile":{"background-color":"var(--ast-global-color-5)","background-image":"","background-repeat":"repeat","background-position":"center center","background-size":"auto","background-attachment":"scroll","background-type":"","background-media":"","overlay-type":"","overlay-color":"","overlay-gradient":""}},"footnotes":""},"categories":[986,101992,8646,11777,3193],"tags":[18974,23434,27965,9861,71818,89473],"class_list":["post-146154","post","type-post","status-publish","format-standard","hentry","category-complutense-de-madrid","category-declaraciones-internacionales-de-derechos","category-etica","category-filosofia-del-derecho","category-teoria-y-metodos-generales-del-derecho","tag-angel-sanchez-de-la-torre","tag-gaspar-escalona-Martinez","tag-jose-luis-santos-diez","tag-jose-tomas-raga-gil","tag-luis-vela-sanchez","tag-pedro-jesus-lasanta-casero"],"_links":{"self":[{"href":"https:\/\/www.deberes.net\/tesis\/wp-json\/wp\/v2\/posts\/146154","targetHints":{"allow":["GET"]}}],"collection":[{"href":"https:\/\/www.deberes.net\/tesis\/wp-json\/wp\/v2\/posts"}],"about":[{"href":"https:\/\/www.deberes.net\/tesis\/wp-json\/wp\/v2\/types\/post"}],"author":[{"embeddable":true,"href":"https:\/\/www.deberes.net\/tesis\/wp-json\/wp\/v2\/users\/1"}],"replies":[{"embeddable":true,"href":"https:\/\/www.deberes.net\/tesis\/wp-json\/wp\/v2\/comments?post=146154"}],"version-history":[{"count":0,"href":"https:\/\/www.deberes.net\/tesis\/wp-json\/wp\/v2\/posts\/146154\/revisions"}],"wp:attachment":[{"href":"https:\/\/www.deberes.net\/tesis\/wp-json\/wp\/v2\/media?parent=146154"}],"wp:term":[{"taxonomy":"category","embeddable":true,"href":"https:\/\/www.deberes.net\/tesis\/wp-json\/wp\/v2\/categories?post=146154"},{"taxonomy":"post_tag","embeddable":true,"href":"https:\/\/www.deberes.net\/tesis\/wp-json\/wp\/v2\/tags?post=146154"}],"curies":[{"name":"wp","href":"https:\/\/api.w.org\/{rel}","templated":true}]}}