{"id":146158,"date":"2018-03-11T13:28:57","date_gmt":"2018-03-11T13:28:57","guid":{"rendered":"https:\/\/www.deberes.net\/tesis\/sin-categoria\/el-sistema-comunicativo-de-masas-en-espana-contexto-y-analisis-sectorial1975-1992\/"},"modified":"2018-03-11T13:28:57","modified_gmt":"2018-03-11T13:28:57","slug":"el-sistema-comunicativo-de-masas-en-espana-contexto-y-analisis-sectorial1975-1992","status":"publish","type":"post","link":"https:\/\/www.deberes.net\/tesis\/prensa\/el-sistema-comunicativo-de-masas-en-espana-contexto-y-analisis-sectorial1975-1992\/","title":{"rendered":"El sistema comunicativo de masas en espa\u00f1a: contexto y analisis sectorial(1975-1992)"},"content":{"rendered":"<h2>Tesis doctoral de <strong> Daniel E Jones Solerno <\/strong><\/h2>\n<p>Esta tesis doctoral explica las transformaciones econ\u00f3micas, sociales y pol\u00edticas producidas en el sistema comunicativo de masas espa\u00f1ol desde el final del r\u00e9gimen franquista hasta 1992. Aborda este objeto de estudio centr\u00e1ndose preferentemente en un tipo de an\u00e1lisis integrador, en el que se contemplan los siguientes elementos: a) los soportes y los contenidos comunicativos; b) la perspectiva socioecon\u00f3mica; c) las dimensiones internacional, nacional y regional, y d) las transformaciones que se han producido en el tipo de propiedad y control del sistema comunicativo espa\u00f1ol. El trabajo se divide en dos partes, a saber: a. En la primera se presenta el marco conceptual y metodol\u00f3gico, teniendo en cuenta dos ejes b\u00e1sicos: la evoluci\u00f3n externa y la evoluci\u00f3n interna. En aqu\u00e9lla se explican los rasgos b\u00e1sicos y generales de los sistemas comunicativos en el contexto internacional -caracterizados por una creciente concentraci\u00f3n y transnacionalizaci\u00f3n econ\u00f3mica-, en tanto que en \u00e9sta se hace un repaso hist\u00f3rico a las particularidades espec\u00edficas de espa\u00f1a. Asimismo, se realiza una contextualizaci\u00f3n de los estudios de car\u00e1cter socio-econ\u00f3mico dentro de la investigaci\u00f3n sobre comunicaci\u00f3n en espa\u00f1a. b. En la segunda se presenta la evoluci\u00f3n del sistema comunicativo en el postfranquismo, es decir que se analizan los diferentes mercados sectoriales -soportes y contenidos- de la comunicaci\u00f3n en espa\u00f1a. Despu\u00e9s de hacer un repaso de car\u00e1cter hist\u00f3rico sobre la evoluci\u00f3n y caracter\u00edsticas de \u00e9stos, se analizan de manera pormenorizada los sectores m\u00e1s importantes: a) soportes o materiales, es decir artes gr\u00e1ficas y electr\u00f3nica de consumo, y b) contenidos, es decir las ramas de prensa, libro, radio, televisi\u00f3n, cine, v\u00eddeo, fonograf\u00eda y publicidad. Asimismo, se hace un an\u00e1lisis comparativo del sector p\u00fablico y de los grupos comerciales privados, de la concentraci\u00f3n territorial en Madrid y en catalu\u00f1a, de la dependencia del exterior y de los distintos tipos de concentraci\u00f3n empresarial.<\/p>\n<p>&nbsp;<\/p>\n<h3>Datos acad\u00e9micos de la tesis doctoral \u00ab<strong>El sistema comunicativo de masas en espa\u00f1a: contexto y analisis sectorial(1975-1992)<\/strong>\u00ab<\/h3>\n<ul>\n<li><strong>T\u00edtulo de la tesis:<\/strong>\u00a0 El sistema comunicativo de masas en espa\u00f1a: contexto y analisis sectorial(1975-1992) <\/li>\n<li><strong>Autor:<\/strong>\u00a0 Daniel E Jones Solerno <\/li>\n<li><strong>Universidad:<\/strong>\u00a0 Aut\u00f3noma de barcelona<\/li>\n<li><strong>Fecha de lectura de la tesis:<\/strong>\u00a0 28\/04\/1993<\/li>\n<\/ul>\n<p>&nbsp;<\/p>\n<h3>Direcci\u00f3n y tribunal<\/h3>\n<ul>\n<li><strong>Director de la tesis<\/strong>\n<ul>\n<li>Rosario De Mateo Perez<\/li>\n<\/ul>\n<\/li>\n<li><strong>Tribunal<\/strong>\n<ul>\n<li>Presidente del tribunal: miquel Moragas spa <\/li>\n<li>ram\u00f3n Zallo elguezabal (vocal)<\/li>\n<li>emili Prado pico (vocal)<\/li>\n<li>josep Gifreu pinsach (vocal)<\/li>\n<\/ul>\n<\/li>\n<\/ul>\n<p>&nbsp;<\/p>\n","protected":false},"excerpt":{"rendered":"<p>Tesis doctoral de Daniel E Jones Solerno Esta tesis doctoral explica las transformaciones econ\u00f3micas, sociales y pol\u00edticas producidas en el [&hellip;]<\/p>\n","protected":false},"author":1,"featured_media":0,"comment_status":"open","ping_status":"open","sticky":false,"template":"","format":"standard","meta":{"site-sidebar-layout":"default","site-content-layout":"","ast-site-content-layout":"","site-content-style":"default","site-sidebar-style":"default","ast-global-header-display":"","ast-banner-title-visibility":"","ast-main-header-display":"","ast-hfb-above-header-display":"","ast-hfb-below-header-display":"","ast-hfb-mobile-header-display":"","site-post-title":"","ast-breadcrumbs-content":"","ast-featured-img":"","footer-sml-layout":"","theme-transparent-header-meta":"","adv-header-id-meta":"","stick-header-meta":"","header-above-stick-meta":"","header-main-stick-meta":"","header-below-stick-meta":"","astra-migrate-meta-layouts":"default","ast-page-background-enabled":"default","ast-page-background-meta":{"desktop":{"background-color":"var(--ast-global-color-4)","background-image":"","background-repeat":"repeat","background-position":"center center","background-size":"auto","background-attachment":"scroll","background-type":"","background-media":"","overlay-type":"","overlay-color":"","overlay-gradient":""},"tablet":{"background-color":"","background-image":"","background-repeat":"repeat","background-position":"center center","background-size":"auto","background-attachment":"scroll","background-type":"","background-media":"","overlay-type":"","overlay-color":"","overlay-gradient":""},"mobile":{"background-color":"","background-image":"","background-repeat":"repeat","background-position":"center center","background-size":"auto","background-attachment":"scroll","background-type":"","background-media":"","overlay-type":"","overlay-color":"","overlay-gradient":""}},"ast-content-background-meta":{"desktop":{"background-color":"var(--ast-global-color-5)","background-image":"","background-repeat":"repeat","background-position":"center center","background-size":"auto","background-attachment":"scroll","background-type":"","background-media":"","overlay-type":"","overlay-color":"","overlay-gradient":""},"tablet":{"background-color":"var(--ast-global-color-5)","background-image":"","background-repeat":"repeat","background-position":"center center","background-size":"auto","background-attachment":"scroll","background-type":"","background-media":"","overlay-type":"","overlay-color":"","overlay-gradient":""},"mobile":{"background-color":"var(--ast-global-color-5)","background-image":"","background-repeat":"repeat","background-position":"center center","background-size":"auto","background-attachment":"scroll","background-type":"","background-media":"","overlay-type":"","overlay-color":"","overlay-gradient":""}},"footnotes":""},"categories":[5051,43057,13482,4841],"tags":[68992,11213,41254,17793,41444,13218],"class_list":["post-146158","post","type-post","status-publish","format-standard","hentry","category-medios-de-comunicacion-de-masas","category-politica-de-comunicaciones","category-politica-de-la-informacion","category-prensa","tag-daniel-e-jones-solerno","tag-emili-prado-pico","tag-josep-gifreu-pinsach","tag-miquel-moragas-spa","tag-ramon-zallo-elguezabal","tag-rosario-de-mateo-perez"],"_links":{"self":[{"href":"https:\/\/www.deberes.net\/tesis\/wp-json\/wp\/v2\/posts\/146158","targetHints":{"allow":["GET"]}}],"collection":[{"href":"https:\/\/www.deberes.net\/tesis\/wp-json\/wp\/v2\/posts"}],"about":[{"href":"https:\/\/www.deberes.net\/tesis\/wp-json\/wp\/v2\/types\/post"}],"author":[{"embeddable":true,"href":"https:\/\/www.deberes.net\/tesis\/wp-json\/wp\/v2\/users\/1"}],"replies":[{"embeddable":true,"href":"https:\/\/www.deberes.net\/tesis\/wp-json\/wp\/v2\/comments?post=146158"}],"version-history":[{"count":0,"href":"https:\/\/www.deberes.net\/tesis\/wp-json\/wp\/v2\/posts\/146158\/revisions"}],"wp:attachment":[{"href":"https:\/\/www.deberes.net\/tesis\/wp-json\/wp\/v2\/media?parent=146158"}],"wp:term":[{"taxonomy":"category","embeddable":true,"href":"https:\/\/www.deberes.net\/tesis\/wp-json\/wp\/v2\/categories?post=146158"},{"taxonomy":"post_tag","embeddable":true,"href":"https:\/\/www.deberes.net\/tesis\/wp-json\/wp\/v2\/tags?post=146158"}],"curies":[{"name":"wp","href":"https:\/\/api.w.org\/{rel}","templated":true}]}}